{"id":551,"date":"2019-03-31T17:41:33","date_gmt":"2019-03-31T17:41:33","guid":{"rendered":"http:\/\/diario24news.com\/hoy\/?p=551"},"modified":"2019-03-31T17:41:33","modified_gmt":"2019-03-31T17:41:33","slug":"sindicales-dicen-no-volveran-a-dialogos-si-no-se-quita-pretension-de-eliminar-cesantia","status":"publish","type":"post","link":"https:\/\/larepublicanews.com.do\/live\/sindicales-dicen-no-volveran-a-dialogos-si-no-se-quita-pretension-de-eliminar-cesantia\/","title":{"rendered":"Sindicales dicen no volver\u00e1n a di\u00e1logos si no se quita pretensi\u00f3n de eliminar cesant\u00eda"},"content":{"rendered":"<div id=\"article_zone\">\n<article>\n<div id=\"ArticleBody\">\n<p>Las centrales sindicales advirtieron el s\u00e1bado que no volver\u00e1n al di\u00e1logo si el gobierno y los empresarios no retiran del proyecto enviado por el Poder Ejecutivo al Congreso, una clausura que, aseguran, elimina a los trabajadores el pago por cesant\u00eda<\/p>\n<p>Pepe Abreu y Jacobo Ramos se refirieron al tema, al participar este s\u00e1bado en una\u00a0 reuni\u00f3n\u00a0 donde centenares de sus\u00a0 miembros y dirigentes de todo el pa\u00eds celebraron su XVIII congreso\u00a0 \u201cDomingo Rodr\u00edguez por un empleo decente y un medio ambiente sostenible\u201d, en el local de las centrales sindicales ubicado en Villa Juana, Distrito Nacional,<\/p>\n<p>\u201cLa meta central del empresariado es eliminar la cesant\u00eda laboral. Eso est\u00e1 claro\u201d, asegur\u00f3 Pepe Abreu.<\/p>\n<p>Explic\u00f3 que los empresarios proponen situar la cesant\u00eda en su techo de solo seis a\u00f1os, pero\u00a0 sobre la base del salario m\u00ednimo que existe por sector.<\/p>\n<p>Pero hay que entender que en este pa\u00eds hay m\u00e1s de 14 salarios m\u00ednimos, pero todos toman hacia\u00a0 la baja, porque el m\u00e1s alto es 15 mil 400 pesos, agreg\u00f3.<\/p>\n<p><strong>\u00a0Congreso CNTD<\/strong><\/p>\n<p>Mientras que la Confederaci\u00f3n Nacional de Trabajadores Dominicanos (CNTD) afirm\u00f3 que no ceder\u00e1 un paso atr\u00e1s en su lucha en defensa de la cesant\u00eda, porque el gobierno respete los espacios tripartitos del movimiento sindical\u00a0 y\u00a0 un aumento general de salarios\u00a0 conquistas por las que\u00a0 marchar\u00e1 las veces que sean\u00a0 necesarias hasta su materializaci\u00f3n.<\/p>\n<p>Jacobo Ramos, su presidente, fue enf\u00e1tico al expresar que \u201cla\u00a0 CNTD junto al movimiento sindical dominicano volver\u00e1n de nuevo a las calles a reclamar sus derechos, porque el gobierno cerr\u00f3 las v\u00edas del\u00a0 di\u00e1logo al enviar al Congreso Nacional proyectos de ley sin tomar en cuenta la opini\u00f3n de los trabajadores \u201c.<\/p>\n<p>Ramos sostuvo\u00a0 el presidente Danilo Medina debi\u00f3 consensuar sus iniciativas con el movimiento sindical pero prefiri\u00f3 hacerlo s\u00f3lo con el sector empresarial, lo que signific\u00f3 una ruptura del tripartimos y del di\u00e1logo social, por\u00a0 el que alejadamente se abogaba desde el gobierno.<\/p>\n<p>Durante su discurso de rendici\u00f3n de cuentas ante la Asamblea Nacional el pasado 27 de febrero,\u00a0 el presidente Medina atac\u00f3 sin necesidad al movimiento sindical al proponer modificaciones\u00a0 la ley de seguridad social, beneficiar las administradoras de fondos de pensiones, eliminar la cesant\u00eda y otorgar esa atribuci\u00f3n al organismo en el que se convertir\u00e1\u00a0 la administradora de riesgos laborales, as\u00ed como la eliminaci\u00f3n del Instituto Dominicano de Seguros Sociales, entidad que ha servido a los trabajadores y grupos vulnerables de la sociedad por m\u00e1s de 70 a\u00f1os.<\/p>\n<p>Ramos enfatizo que los trabajadores volver\u00e1n a las calles no a crear disturbios ni enfrentamientos con las autoridades, sino a reclamar sus derechos tal y como se lo autoriza la Constituci\u00f3n de la Rep\u00fablica.<\/p>\n<\/div>\n<div class=\"panel panel-default\">\n<div class=\"panel-heading\"><b>Fuente: Listin Diario <\/b><\/div>\n<\/div>\n<\/article>\n<\/div>\n","protected":false},"excerpt":{"rendered":"<p>Las centrales sindicales advirtieron el s\u00e1bado que no volver\u00e1n al di\u00e1logo si el gobierno y los empresarios no retiran del proyecto enviado por el Poder Ejecutivo al Congreso, una clausura que, aseguran, elimina a los trabajadores el pago por cesant\u00eda Pepe Abreu y Jacobo Ramos se refirieron al tema, al participar este s\u00e1bado en una\u00a0 reuni\u00f3n\u00a0 donde centenares de sus\u00a0 miembros y dirigentes de todo el pa\u00eds celebraron su XVIII congreso\u00a0 \u201cDomingo Rodr\u00edguez por un empleo decente y un medio ambiente sostenible\u201d, en el local de las centrales sindicales ubicado&hellip;<\/p>\n","protected":false},"author":3,"featured_media":552,"comment_status":"open","ping_status":"open","sticky":false,"template":"","format":"standard","meta":{"rop_custom_images_group":[],"rop_custom_messages_group":[],"rop_publish_now":"initial","rop_publish_now_accounts":[],"rop_publish_now_history":[],"rop_publish_now_status":"pending","footnotes":""},"categories":[29,31,34],"tags":[],"class_list":["post-551","post","type-post","status-publish","format-standard","has-post-thumbnail","hentry","category-sociedad","category-tendencia","category-newsbeat"],"_links":{"self":[{"href":"https:\/\/larepublicanews.com.do\/live\/wp-json\/wp\/v2\/posts\/551","targetHints":{"allow":["GET"]}}],"collection":[{"href":"https:\/\/larepublicanews.com.do\/live\/wp-json\/wp\/v2\/posts"}],"about":[{"href":"https:\/\/larepublicanews.com.do\/live\/wp-json\/wp\/v2\/types\/post"}],"author":[{"embeddable":true,"href":"https:\/\/larepublicanews.com.do\/live\/wp-json\/wp\/v2\/users\/3"}],"replies":[{"embeddable":true,"href":"https:\/\/larepublicanews.com.do\/live\/wp-json\/wp\/v2\/comments?post=551"}],"version-history":[{"count":0,"href":"https:\/\/larepublicanews.com.do\/live\/wp-json\/wp\/v2\/posts\/551\/revisions"}],"wp:featuredmedia":[{"embeddable":true,"href":"https:\/\/larepublicanews.com.do\/live\/wp-json\/wp\/v2\/media\/552"}],"wp:attachment":[{"href":"https:\/\/larepublicanews.com.do\/live\/wp-json\/wp\/v2\/media?parent=551"}],"wp:term":[{"taxonomy":"category","embeddable":true,"href":"https:\/\/larepublicanews.com.do\/live\/wp-json\/wp\/v2\/categories?post=551"},{"taxonomy":"post_tag","embeddable":true,"href":"https:\/\/larepublicanews.com.do\/live\/wp-json\/wp\/v2\/tags?post=551"}],"curies":[{"name":"wp","href":"https:\/\/api.w.org\/{rel}","templated":true}]}}