{"id":548,"date":"2019-03-31T17:30:50","date_gmt":"2019-03-31T17:30:50","guid":{"rendered":"http:\/\/diario24news.com\/hoy\/?p=548"},"modified":"2019-03-31T17:30:50","modified_gmt":"2019-03-31T17:30:50","slug":"el-gobierno-de-maduro-atribuye-nuevos-apagones-a-dos-ataques-terroristas","status":"publish","type":"post","link":"https:\/\/larepublicanews.com.do\/live\/el-gobierno-de-maduro-atribuye-nuevos-apagones-a-dos-ataques-terroristas\/","title":{"rendered":"El Gobierno de Maduro atribuye nuevos apagones a dos ataques terroristas"},"content":{"rendered":"<p>El Gobierno de Nicol\u00e1s Maduro culp\u00f3 a dos nuevos ataques terroristas tanto del apag\u00f3n que se registraba este s\u00e1bado en toda Venezuela como del que se produjo el viernes, en una semana durante la que el pa\u00eds no ha podido recuperar el suministro normal de energ\u00eda.<\/p>\n<p>\u00abEl Gobierno Bolivariano (&#8230;) denuncia la infame y brutal perpetraci\u00f3n de dos ataques programados y sincronizados contra el sistema el\u00e9ctrico nacional\u00bb, indic\u00f3 el ministro de Comunicaci\u00f3n, Jorge Rodr\u00edguez, al leer un comunicado difundido por el canal estatal de televisi\u00f3n.<\/p>\n<p>\u00abDe manera nada fortuita se produjeron nuevos ataques coordinados y sincronizados contra las l\u00edneas de transmisi\u00f3n el\u00e9ctrica. Estos ataques ocurrieron a la misma hora, las 19.11 (23.11 GMT)\u00bb, dijo Rodr\u00edguez en alusi\u00f3n a las dos ca\u00eddas de la electricidad, la de ayer y la de hoy.<\/p>\n<p>Seg\u00fan el ministro, estos supuestos ataques buscan \u00abobstruir de manera criminal, homicida, los inmensos esfuerzos del Gobierno revolucionario, de los trabajadores, del pueblo todo para estabilizar el servicio de energ\u00eda el\u00e9ctrica\u00bb.<\/p>\n<p>Venezuela acumula desde el lunes una serie de apagones que han venido paralizando pr\u00e1cticamente a todo el pa\u00eds y que han determinado que solo el viernes hubiera actividad comercial y empresarial.<\/p>\n<p>Los dos primeros apagones se produjeron el lunes y el sistema no ha vuelto a recobrarse totalmente desde entonces, con afectaci\u00f3n a todo el pa\u00eds, especialmente a los estados occidentales.<\/p>\n<p>El Gobierno atribuy\u00f3 los apagones a un primer ataque terrorista contra una l\u00ednea de transmisi\u00f3n y a un incendio posterior en el patio de transformadores de la central el\u00e9ctrica del Guri, la principal del pa\u00eds. En este \u00faltimo caso, seg\u00fan la versi\u00f3n oficial, por disparos de un francotirador contra los aparatos.<\/p>\n<p>El ministro se\u00f1al\u00f3 que estos ataques se suman a los ya registrados el 7 de marzo, cuando el Gobierno chavista dijo que hab\u00eda habido un ataque cibern\u00e9tico y otro electromagn\u00e9tico contra el Guri.<\/p>\n<p>Rodr\u00edguez se\u00f1al\u00f3 que las \u00abatroces agresiones de los viernes 29 de marzo y s\u00e1bado 30 de marzo\u00bb se produjeron justo en el momento en que el Gobierno hab\u00eda logrado la recuperaci\u00f3n de la electricidad en todo el pa\u00eds.<\/p>\n<p>Asegur\u00f3 que el Gobierno de Maduro persistir\u00e1 \u00abtercamente\u00bb en el restablecimiento de la energ\u00eda y lograr\u00e1 la \u00abreparaci\u00f3n y recuperaci\u00f3n de los equipos salvajemente da\u00f1ados por agentes del imperio supremacista del norte (en alusi\u00f3n a Estados Unidos) y sus tristes y genuflexos lacayos locales\u00bb.<\/p>\n<p>\u00abLos homicidas sedientos de odio, oscuros seres que se ufanan de provocar sufrimiento a nuestro pueblo pagar\u00e1n por sus cr\u00edmenes\u00bb, advirti\u00f3 el ministro de Comunicaci\u00f3n, quien afirm\u00f3 tambi\u00e9n que \u00abderrotaremos la guerra el\u00e9ctrica\u00bb.<\/p>\n<p>Nicol\u00e1s Maduro anunci\u00f3 el mi\u00e9rcoles, cuando el Gobierno comenzaba a restablecer el servicio en varias partes del pa\u00eds, que ven\u00edan d\u00edas de racionamiento para estabilizar el sistema.<\/p>\n<p>\u00abVamos a pasar d\u00edas donde vamos a tener que ir a administraci\u00f3n de carga consciente, organizada, para estabilizar el sistema hasta que reconstruyamos todo lo que quemaron\u00bb, dijo el gobernante venezolano tras los apagones del lunes.<\/p>\n<p>La oposici\u00f3n ha responsabilizado de estos apagones a la corrupci\u00f3n y el desv\u00edo de los millonarios recursos destinados al sector el\u00e9ctrico en los \u00faltimos a\u00f1os, as\u00ed como a la ineptitud de los responsables del Gobierno.<\/p>\n<p><em>Fuente:\u00a0<strong>Listin Diario<\/strong><\/em><\/p>\n","protected":false},"excerpt":{"rendered":"<p>El Gobierno de Nicol\u00e1s Maduro culp\u00f3 a dos nuevos ataques terroristas tanto del apag\u00f3n que se registraba este s\u00e1bado en toda Venezuela como del que se produjo el viernes, en una semana durante la que el pa\u00eds no ha podido recuperar el suministro normal de energ\u00eda. \u00abEl Gobierno Bolivariano (&#8230;) denuncia la infame y brutal perpetraci\u00f3n de dos ataques programados y sincronizados contra el sistema el\u00e9ctrico nacional\u00bb, indic\u00f3 el ministro de Comunicaci\u00f3n, Jorge Rodr\u00edguez, al leer un comunicado difundido por el canal estatal de televisi\u00f3n. \u00abDe manera nada fortuita se&hellip;<\/p>\n","protected":false},"author":3,"featured_media":549,"comment_status":"open","ping_status":"open","sticky":false,"template":"","format":"standard","meta":{"rop_custom_images_group":[],"rop_custom_messages_group":[],"rop_publish_now":"initial","rop_publish_now_accounts":[],"rop_publish_now_history":[],"rop_publish_now_status":"pending","footnotes":""},"categories":[2,18],"tags":[],"class_list":["post-548","post","type-post","status-publish","format-standard","has-post-thumbnail","hentry","category-actualidad","category-world"],"_links":{"self":[{"href":"https:\/\/larepublicanews.com.do\/live\/wp-json\/wp\/v2\/posts\/548","targetHints":{"allow":["GET"]}}],"collection":[{"href":"https:\/\/larepublicanews.com.do\/live\/wp-json\/wp\/v2\/posts"}],"about":[{"href":"https:\/\/larepublicanews.com.do\/live\/wp-json\/wp\/v2\/types\/post"}],"author":[{"embeddable":true,"href":"https:\/\/larepublicanews.com.do\/live\/wp-json\/wp\/v2\/users\/3"}],"replies":[{"embeddable":true,"href":"https:\/\/larepublicanews.com.do\/live\/wp-json\/wp\/v2\/comments?post=548"}],"version-history":[{"count":0,"href":"https:\/\/larepublicanews.com.do\/live\/wp-json\/wp\/v2\/posts\/548\/revisions"}],"wp:featuredmedia":[{"embeddable":true,"href":"https:\/\/larepublicanews.com.do\/live\/wp-json\/wp\/v2\/media\/549"}],"wp:attachment":[{"href":"https:\/\/larepublicanews.com.do\/live\/wp-json\/wp\/v2\/media?parent=548"}],"wp:term":[{"taxonomy":"category","embeddable":true,"href":"https:\/\/larepublicanews.com.do\/live\/wp-json\/wp\/v2\/categories?post=548"},{"taxonomy":"post_tag","embeddable":true,"href":"https:\/\/larepublicanews.com.do\/live\/wp-json\/wp\/v2\/tags?post=548"}],"curies":[{"name":"wp","href":"https:\/\/api.w.org\/{rel}","templated":true}]}}