{"id":542,"date":"2019-03-31T16:56:48","date_gmt":"2019-03-31T16:56:48","guid":{"rendered":"http:\/\/diario24news.com\/hoy\/?p=542"},"modified":"2019-03-31T16:56:48","modified_gmt":"2019-03-31T16:56:48","slug":"fotos-asi-fue-la-reunion-de-leonel-fernandez-con-el-foro-permanente-de-partidos-politicos-fotos-asi-fue-la-reunion-de-leonel-fernandez-con-el-foro-permanente-de-partidos-politicos","status":"publish","type":"post","link":"https:\/\/larepublicanews.com.do\/live\/fotos-asi-fue-la-reunion-de-leonel-fernandez-con-el-foro-permanente-de-partidos-politicos-fotos-asi-fue-la-reunion-de-leonel-fernandez-con-el-foro-permanente-de-partidos-politicos\/","title":{"rendered":"Fotos: As\u00ed fue la reuni\u00f3n de Leonel Fern\u00e1ndez con el Foro Permanente de Partidos Pol\u00edticos Fotos: As\u00ed fue la reuni\u00f3n de Leonel Fern\u00e1ndez con el Foro Permanente de Partidos Pol\u00edticos"},"content":{"rendered":"<p>El ex presidente de la Rep\u00fablicas y aspirante a la nominaci\u00f3n presidencial por el Partido de la Liberaci\u00f3n Dominicana (PLD) Leonel Fern\u00e1ndez, encabez\u00f3 esta tarde un almuerzo con el Foro Permanente de Partidos Pol\u00edticos de la Rep\u00fablica Dominicana (Foppredom).<\/p>\n<p>En el almuerzo, que se efect\u00faa en el restaurante La Forchetta, en Santo Domingo, participan junto a Fern\u00e1ndez dirigentes como el ex ministro Freddy P\u00e9rez, el ex presidente de la Junta Central Electoral (JCE) Roberto Rosario, los ex legisladores Vinicio y Pelegr\u00edn Castillo, de la Fuerza Nacional Progresistas (FNP), y otros.<br \/>\n<img loading=\"lazy\" decoding=\"async\" class=\"alignnone size-medium wp-image-1892477\" src=\"http:\/\/hoy.com.do\/wp-content\/uploads\/2019\/03\/Leonel-y-Foro-1-3-530x300.jpeg\" alt=\"Leonel y Foro 1 (3)\" width=\"530\" height=\"300\" \/><\/p>\n<div class=\"teads-inread\">\n<div>\n<div class=\"teads-ui-components-credits\"><\/div>\n<\/div>\n<\/div>\n<p>Foppredom re\u00fane entre sus miembros a 26 organizaciones pol\u00edticas. Actualmente es presidida por Wessin Ch\u00e1vez.<\/p>\n<p>Fern\u00e1ndez, quien adem\u00e1s es presidente del PLD, realiza diferentes actividades en todo el pa\u00eds en busca de lograr ser el candidato oficial del partido de gobierno para las elecciones del a\u00f1o 2020.<\/p>\n<p><img loading=\"lazy\" decoding=\"async\" class=\"alignnone size-large wp-image-1892480\" src=\"http:\/\/hoy.com.do\/wp-content\/uploads\/2019\/03\/Leonel-y-Foro-1-6-746x450.jpeg\" alt=\"Leonel y Foro 1 (6)\" width=\"640\" height=\"386\" \/><\/p>\n<p><img loading=\"lazy\" decoding=\"async\" class=\"alignnone size-full wp-image-1892478\" src=\"http:\/\/hoy.com.do\/wp-content\/uploads\/2019\/03\/Leonel-y-Foro-1-4.jpeg\" alt=\"Leonel y Foro 1 (4)\" width=\"498\" height=\"436\" \/><\/p>\n<p><img loading=\"lazy\" decoding=\"async\" class=\"alignnone size-large wp-image-1892476\" src=\"http:\/\/hoy.com.do\/wp-content\/uploads\/2019\/03\/Leonel-y-Foro-1-2-800x450.jpeg\" alt=\"Leonel y Foro 1 (2)\" width=\"640\" height=\"360\" \/><\/p>\n<p><img loading=\"lazy\" decoding=\"async\" class=\"alignnone size-large wp-image-1892484\" src=\"http:\/\/hoy.com.do\/wp-content\/uploads\/2019\/03\/Leonel-7-1-800x450.jpeg\" alt=\"Leonel 7 (1)\" width=\"640\" height=\"360\" \/><\/p>\n<p><img loading=\"lazy\" decoding=\"async\" class=\"alignnone size-large wp-image-1892486\" src=\"http:\/\/hoy.com.do\/wp-content\/uploads\/2019\/03\/Leonel-7-2-800x450.jpeg\" alt=\"Leonel 7 (2)\" width=\"640\" height=\"360\" \/><\/p>\n<p><em>Fuente:\u00a0<\/em><strong>Hoy<\/strong><\/p>\n","protected":false},"excerpt":{"rendered":"<p>El ex presidente de la Rep\u00fablicas y aspirante a la nominaci\u00f3n presidencial por el Partido de la Liberaci\u00f3n Dominicana (PLD) Leonel Fern\u00e1ndez, encabez\u00f3 esta tarde un almuerzo con el Foro Permanente de Partidos Pol\u00edticos de la Rep\u00fablica Dominicana (Foppredom). En el almuerzo, que se efect\u00faa en el restaurante La Forchetta, en Santo Domingo, participan junto a Fern\u00e1ndez dirigentes como el ex ministro Freddy P\u00e9rez, el ex presidente de la Junta Central Electoral (JCE) Roberto Rosario, los ex legisladores Vinicio y Pelegr\u00edn Castillo, de la Fuerza Nacional Progresistas (FNP), y otros.&hellip;<\/p>\n","protected":false},"author":3,"featured_media":543,"comment_status":"open","ping_status":"open","sticky":false,"template":"","format":"standard","meta":{"rop_custom_images_group":[],"rop_custom_messages_group":[],"rop_publish_now":"initial","rop_publish_now_accounts":[],"rop_publish_now_history":[],"rop_publish_now_status":"pending","footnotes":""},"categories":[24],"tags":[],"class_list":["post-542","post","type-post","status-publish","format-standard","has-post-thumbnail","hentry","category-politica"],"_links":{"self":[{"href":"https:\/\/larepublicanews.com.do\/live\/wp-json\/wp\/v2\/posts\/542","targetHints":{"allow":["GET"]}}],"collection":[{"href":"https:\/\/larepublicanews.com.do\/live\/wp-json\/wp\/v2\/posts"}],"about":[{"href":"https:\/\/larepublicanews.com.do\/live\/wp-json\/wp\/v2\/types\/post"}],"author":[{"embeddable":true,"href":"https:\/\/larepublicanews.com.do\/live\/wp-json\/wp\/v2\/users\/3"}],"replies":[{"embeddable":true,"href":"https:\/\/larepublicanews.com.do\/live\/wp-json\/wp\/v2\/comments?post=542"}],"version-history":[{"count":0,"href":"https:\/\/larepublicanews.com.do\/live\/wp-json\/wp\/v2\/posts\/542\/revisions"}],"wp:featuredmedia":[{"embeddable":true,"href":"https:\/\/larepublicanews.com.do\/live\/wp-json\/wp\/v2\/media\/543"}],"wp:attachment":[{"href":"https:\/\/larepublicanews.com.do\/live\/wp-json\/wp\/v2\/media?parent=542"}],"wp:term":[{"taxonomy":"category","embeddable":true,"href":"https:\/\/larepublicanews.com.do\/live\/wp-json\/wp\/v2\/categories?post=542"},{"taxonomy":"post_tag","embeddable":true,"href":"https:\/\/larepublicanews.com.do\/live\/wp-json\/wp\/v2\/tags?post=542"}],"curies":[{"name":"wp","href":"https:\/\/api.w.org\/{rel}","templated":true}]}}