{"id":537,"date":"2019-03-29T11:52:57","date_gmt":"2019-03-29T11:52:57","guid":{"rendered":"http:\/\/diario24news.com\/hoy\/?p=537"},"modified":"2019-03-29T11:52:57","modified_gmt":"2019-03-29T11:52:57","slug":"leonel-declararia-en-un-proximo-gobierno-al-sector-agropecuario-como-prioridad-politica","status":"publish","type":"post","link":"https:\/\/larepublicanews.com.do\/live\/leonel-declararia-en-un-proximo-gobierno-al-sector-agropecuario-como-prioridad-politica\/","title":{"rendered":"Leonel declarar\u00eda en un pr\u00f3ximo gobierno al sector agropecuario como prioridad pol\u00edtica"},"content":{"rendered":"<p>Santo Domingo,- El expresidente Leonel Fern\u00e1ndez asegur\u00f3 este jueves que en un pr\u00f3ximo gobierno suyo, declarar\u00e1 como prioridad pol\u00edtica el sector agropecuario, a los fines de impulsar las exportaciones de productos del campo y la generaci\u00f3n de riquezas.<\/p>\n<p>Hablando ante productores de todo el pa\u00eds en un hotel de la capital, Fern\u00e1ndez sostuvo que prestar\u00e1 mayor atenci\u00f3n al sector agr\u00edcola a trav\u00e9s de m\u00e1s inversiones, acceso al cr\u00e9dito y tecnolog\u00eda que permita incrementar la capacidad de producci\u00f3n.<\/p>\n<p>Record\u00f3 que el campo produce el 85 por ciento de lo que la poblaci\u00f3n consume, pero ve factible que, con mayor apoyo, genere excedente exportable que permita generar mayor riqueza y empleos.<\/p>\n<p>\u201cPara lograrlo, se requiere aumento de la productividad y mejor\u00eda de la competitividad, para lo cual se requiere el uso intensivo de tecnolog\u00eda\u201d, precis\u00f3 el presidente del Partido de la Liberaci\u00f3n Dominicana en el acto de presentaci\u00f3n del movimiento externo Agropecuarios con Leonel (ACOLE), que coordina el exministro de Agricultura, Luis Ram\u00f3n Rodr\u00edguez.<\/p>\n<p>Durante el desarrollo del encuentro, Fern\u00e1ndez enarbol\u00f3 enf\u00e1ticamente la consigna que pronunci\u00f3 el 26 de agosto de 2018: \u201cNo hay marcha atr\u00e1s\u201d, para asegurar que la misma conecta con un compromiso en seguridad alimentaria, m\u00e1s productividad y apoyo estatal a peque\u00f1os productores.<\/p>\n<p>Asimismo, a\u00f1adi\u00f3 que tambi\u00e9n esto contempla la protecci\u00f3n a los productores nacionales ante la competencia desigual y desleal que se produce en el marco del Tratado de Libre Comercio (TLC).<\/p>\n<p>Palabras de Luis Ram\u00f3n Rodr\u00edguez<\/p>\n<p>En tanto que el coordinador general de Agropecuarios con Leonel, Luis Ram\u00f3n Rodr\u00edguez, explic\u00f3 que el objetivo el movimiento externo es organizar fuerzas y el voto rural alrededor de la visi\u00f3n de Fern\u00e1ndez.<\/p>\n<p>Se\u00f1al\u00f3 que muchos productores presentes carecen de afiliaci\u00f3n pol\u00edtica y otros hab\u00edan desertado de las actividades partidarias, pero que los mismos \u201cse han motivado a participar por la obra del expresidente Fern\u00e1ndez durante su gobierno y su conocimiento de los temas del campo\u201d.<\/p>\n<p>Sostuvo que el agro dominicano requiere ser considerado prioridad pol\u00edtica de los gobiernos para continuar su desarrollo con la superaci\u00f3n de las debilidades.<\/p>\n<p>Detalles del encuentro<\/p>\n<p>El encuentro reuni\u00f3 a productores de aguacate, caf\u00e9, cacao, leche y otros rubros agropecuarios de varias provincias del pa\u00eds, que abarrotaron el sal\u00f3n del hotel Dominican Fiesta, donde se realiz\u00f3 la actividad.<\/p>\n<p>En el mismo participaron Radham\u00e9s Jim\u00e9nez, coordinador general Proyecto Leonel 2020;\u00a0 Luis Ram\u00f3n Ro<\/p>\n<p>&nbsp;<\/p>\n<p>dr\u00edguez, coordinador de Agropecuarios con Leonel y exministro de Agricultura;\u00a0 Freddy P\u00e9rez, coordinador del Sector Externo con Leonel; Luis Toral, coordinador externo en el Cibao; Salvador Jim\u00e9nez, exministro de Agricultura, entre otros.<\/p>\n<p>Zona de los archivos adjuntos<\/p>\n<p>&nbsp;<\/p>\n","protected":false},"excerpt":{"rendered":"<p>Santo Domingo,- El expresidente Leonel Fern\u00e1ndez asegur\u00f3 este jueves que en un pr\u00f3ximo gobierno suyo, declarar\u00e1 como prioridad pol\u00edtica el sector agropecuario, a los fines de impulsar las exportaciones de productos del campo y la generaci\u00f3n de riquezas. Hablando ante productores de todo el pa\u00eds en un hotel de la capital, Fern\u00e1ndez sostuvo que prestar\u00e1 mayor atenci\u00f3n al sector agr\u00edcola a trav\u00e9s de m\u00e1s inversiones, acceso al cr\u00e9dito y tecnolog\u00eda que permita incrementar la capacidad de producci\u00f3n. Record\u00f3 que el campo produce el 85 por ciento de lo que la&hellip;<\/p>\n","protected":false},"author":3,"featured_media":539,"comment_status":"open","ping_status":"open","sticky":false,"template":"","format":"standard","meta":{"rop_custom_images_group":[],"rop_custom_messages_group":[],"rop_publish_now":"initial","rop_publish_now_accounts":[],"rop_publish_now_history":[],"rop_publish_now_status":"pending","footnotes":""},"categories":[24],"tags":[],"class_list":["post-537","post","type-post","status-publish","format-standard","has-post-thumbnail","hentry","category-politica"],"_links":{"self":[{"href":"https:\/\/larepublicanews.com.do\/live\/wp-json\/wp\/v2\/posts\/537","targetHints":{"allow":["GET"]}}],"collection":[{"href":"https:\/\/larepublicanews.com.do\/live\/wp-json\/wp\/v2\/posts"}],"about":[{"href":"https:\/\/larepublicanews.com.do\/live\/wp-json\/wp\/v2\/types\/post"}],"author":[{"embeddable":true,"href":"https:\/\/larepublicanews.com.do\/live\/wp-json\/wp\/v2\/users\/3"}],"replies":[{"embeddable":true,"href":"https:\/\/larepublicanews.com.do\/live\/wp-json\/wp\/v2\/comments?post=537"}],"version-history":[{"count":0,"href":"https:\/\/larepublicanews.com.do\/live\/wp-json\/wp\/v2\/posts\/537\/revisions"}],"wp:featuredmedia":[{"embeddable":true,"href":"https:\/\/larepublicanews.com.do\/live\/wp-json\/wp\/v2\/media\/539"}],"wp:attachment":[{"href":"https:\/\/larepublicanews.com.do\/live\/wp-json\/wp\/v2\/media?parent=537"}],"wp:term":[{"taxonomy":"category","embeddable":true,"href":"https:\/\/larepublicanews.com.do\/live\/wp-json\/wp\/v2\/categories?post=537"},{"taxonomy":"post_tag","embeddable":true,"href":"https:\/\/larepublicanews.com.do\/live\/wp-json\/wp\/v2\/tags?post=537"}],"curies":[{"name":"wp","href":"https:\/\/api.w.org\/{rel}","templated":true}]}}