{"id":536,"date":"2019-03-30T20:56:19","date_gmt":"2019-03-30T20:56:19","guid":{"rendered":"http:\/\/diario24news.com\/hoy\/?p=536"},"modified":"2019-03-30T20:56:19","modified_gmt":"2019-03-30T20:56:19","slug":"leonel-dice-segunda-reforma-a-la-constitucion-pone-en-peligro-democracia-del-pais","status":"publish","type":"post","link":"https:\/\/larepublicanews.com.do\/live\/leonel-dice-segunda-reforma-a-la-constitucion-pone-en-peligro-democracia-del-pais\/","title":{"rendered":"Leonel dice segunda reforma a la Constituci\u00f3n pone en peligro democracia del pa\u00eds"},"content":{"rendered":"<p>Por EFE<\/p>\n<p>El expresidente de la Rep\u00fablica, Leonel Fern\u00e1ndez, dijo que una segunda modificaci\u00f3n constitucional seguida para permitir la reelecci\u00f3n presidencial de Danilo Medina pondr\u00eda en juego la democracia dominicana, consign\u00f3 Listin Diario en su sitio web.<\/p>\n<p>Fern\u00e1ndez se reuni\u00f3 con doce partidos politicos emergentes, que est\u00e1n agrupados en el Foro Permanente de Partidos Pol\u00edticos, quienes tambi\u00e9n anunciaron su oposici\u00f3n a una modificaci\u00f3n constitucional para permitir la repostulaci\u00f3n de Danilo Medina.<\/p>\n<p>El expresidente Fern\u00e1ndez, presidente del Partido de la Liberaci\u00f3n Dominicana, destac\u00f3 la valoraci\u00f3n de m\u00e1s del 70% de la poblaci\u00f3n que se opone a una nueva modificaci\u00f3n constitucional para beneficiar a Medina.<br \/>\nLa ma\u00f1ana de ayer la firma encuestadora Asisa present\u00f3 un estudio en el que el 73% de la poblaci\u00f3n se opone a que se modifique la carta magna del pa\u00eds.<br \/>\nEn el a\u00f1o 2015, el PLD propicio una reforma constitucional para permitir que Medina se presente nueva vez a las elecciones generales. En aquel momento, la decisi\u00f3n fue tomada por el Comit\u00e9 Pol\u00edtico del PLD y tambi\u00e9n cont\u00f3 con el rechazo de Fern\u00e1ndez.<\/p>\n","protected":false},"excerpt":{"rendered":"<p>Por EFE El expresidente de la Rep\u00fablica, Leonel Fern\u00e1ndez, dijo que una segunda modificaci\u00f3n constitucional seguida para permitir la reelecci\u00f3n presidencial de Danilo Medina pondr\u00eda en juego la democracia dominicana, consign\u00f3 Listin Diario en su sitio web. Fern\u00e1ndez se reuni\u00f3 con doce partidos politicos emergentes, que est\u00e1n agrupados en el Foro Permanente de Partidos Pol\u00edticos, quienes tambi\u00e9n anunciaron su oposici\u00f3n a una modificaci\u00f3n constitucional para permitir la repostulaci\u00f3n de Danilo Medina. El expresidente Fern\u00e1ndez, presidente del Partido de la Liberaci\u00f3n Dominicana, destac\u00f3 la valoraci\u00f3n de m\u00e1s del 70% de la&hellip;<\/p>\n","protected":false},"author":3,"featured_media":0,"comment_status":"open","ping_status":"open","sticky":false,"template":"","format":"standard","meta":{"rop_custom_images_group":[],"rop_custom_messages_group":[],"rop_publish_now":"initial","rop_publish_now_accounts":[],"rop_publish_now_history":[],"rop_publish_now_status":"pending","footnotes":""},"categories":[24,29],"tags":[],"class_list":["post-536","post","type-post","status-publish","format-standard","hentry","category-politica","category-sociedad"],"_links":{"self":[{"href":"https:\/\/larepublicanews.com.do\/live\/wp-json\/wp\/v2\/posts\/536","targetHints":{"allow":["GET"]}}],"collection":[{"href":"https:\/\/larepublicanews.com.do\/live\/wp-json\/wp\/v2\/posts"}],"about":[{"href":"https:\/\/larepublicanews.com.do\/live\/wp-json\/wp\/v2\/types\/post"}],"author":[{"embeddable":true,"href":"https:\/\/larepublicanews.com.do\/live\/wp-json\/wp\/v2\/users\/3"}],"replies":[{"embeddable":true,"href":"https:\/\/larepublicanews.com.do\/live\/wp-json\/wp\/v2\/comments?post=536"}],"version-history":[{"count":0,"href":"https:\/\/larepublicanews.com.do\/live\/wp-json\/wp\/v2\/posts\/536\/revisions"}],"wp:attachment":[{"href":"https:\/\/larepublicanews.com.do\/live\/wp-json\/wp\/v2\/media?parent=536"}],"wp:term":[{"taxonomy":"category","embeddable":true,"href":"https:\/\/larepublicanews.com.do\/live\/wp-json\/wp\/v2\/categories?post=536"},{"taxonomy":"post_tag","embeddable":true,"href":"https:\/\/larepublicanews.com.do\/live\/wp-json\/wp\/v2\/tags?post=536"}],"curies":[{"name":"wp","href":"https:\/\/api.w.org\/{rel}","templated":true}]}}