{"id":531,"date":"2019-03-27T21:34:51","date_gmt":"2019-03-27T21:34:51","guid":{"rendered":"http:\/\/diario24news.com\/hoy\/?p=531"},"modified":"2019-03-27T21:34:51","modified_gmt":"2019-03-27T21:34:51","slug":"leonel-fernandez-encabeza-almuerzo-con-partidos-emergentes","status":"publish","type":"post","link":"https:\/\/larepublicanews.com.do\/live\/leonel-fernandez-encabeza-almuerzo-con-partidos-emergentes\/","title":{"rendered":"Leonel Fern\u00e1ndez encabeza almuerzo con partidos emergentes"},"content":{"rendered":"<div class=\"td-post-content td-pb-padding-side\">\n<p>El expresidente de la Rep\u00fablica y aspirante presidencial por el Partido de la Liberaci\u00f3n Dominicana-PLD-, Leonel Fern\u00e1ndez, encabeza este martes un almuerzo con los\u00a0 partidos emergentes.<\/p>\n<p>El encuentro con el exmandatario inici\u00f3 pasada las 1:30 de esta tarde.<\/p>\n<p>Te recomendamos:\u00a0Encuesta Asisa: en primarias 36% prefiere a Leonel; 29% a Danilo y 14% a Margarita<\/p>\n<p>La reuni\u00f3n se lleva a cabo en el Restaurante La Forchetta,\u00a0calle Mustaf\u00e1 Kemal Ataturk, Santo Domingo.<\/p>\n<p>A principios de este mes, el presidente del Partido de la Liberaci\u00f3n Dominicana mostr\u00f3 su confianza de que ganar\u00e1 las primarias internas de esa organizaci\u00f3n y las elecciones nacionales en el a\u00f1o 2020.<\/p>\n<p>En tanto que \u00a0seg\u00fan los resultados de la encuesta Asisa difundidos la ma\u00f1ana de hoy , el expresidente Fern\u00e1ndez aventaja con siete puntos a Danilo Medina en intenci\u00f3n de votos para las primarias del 6 de octubre.<\/p>\n<\/div>\n<footer>\n<div class=\"content-preguntas\">\n<div class=\"icon-c\"><\/div>\n<form action=\"https:\/\/www.elcaribe.com.do\/2019\/03\/26\/panorama\/pais\/leonel-fernandez-encabeza-almuerzo-con-partidos-emergentes\/#\">\n<div class=\"paso1_pregunta\">\n<div class=\"preguntas-detail\"><em>Fuente:\u00a0<strong>El Caribe\u00a0<\/strong><\/em><\/div>\n<\/div>\n<\/form>\n<\/div>\n<\/footer>\n","protected":false},"excerpt":{"rendered":"<p>El expresidente de la Rep\u00fablica y aspirante presidencial por el Partido de la Liberaci\u00f3n Dominicana-PLD-, Leonel Fern\u00e1ndez, encabeza este martes un almuerzo con los\u00a0 partidos emergentes. El encuentro con el exmandatario inici\u00f3 pasada las 1:30 de esta tarde. Te recomendamos:\u00a0Encuesta Asisa: en primarias 36% prefiere a Leonel; 29% a Danilo y 14% a Margarita La reuni\u00f3n se lleva a cabo en el Restaurante La Forchetta,\u00a0calle Mustaf\u00e1 Kemal Ataturk, Santo Domingo. A principios de este mes, el presidente del Partido de la Liberaci\u00f3n Dominicana mostr\u00f3 su confianza de que ganar\u00e1 las&hellip;<\/p>\n","protected":false},"author":3,"featured_media":532,"comment_status":"open","ping_status":"open","sticky":false,"template":"","format":"standard","meta":{"rop_custom_images_group":[],"rop_custom_messages_group":[],"rop_publish_now":"initial","rop_publish_now_accounts":[],"rop_publish_now_history":[],"rop_publish_now_status":"pending","footnotes":""},"categories":[24,29],"tags":[],"class_list":["post-531","post","type-post","status-publish","format-standard","has-post-thumbnail","hentry","category-politica","category-sociedad"],"_links":{"self":[{"href":"https:\/\/larepublicanews.com.do\/live\/wp-json\/wp\/v2\/posts\/531","targetHints":{"allow":["GET"]}}],"collection":[{"href":"https:\/\/larepublicanews.com.do\/live\/wp-json\/wp\/v2\/posts"}],"about":[{"href":"https:\/\/larepublicanews.com.do\/live\/wp-json\/wp\/v2\/types\/post"}],"author":[{"embeddable":true,"href":"https:\/\/larepublicanews.com.do\/live\/wp-json\/wp\/v2\/users\/3"}],"replies":[{"embeddable":true,"href":"https:\/\/larepublicanews.com.do\/live\/wp-json\/wp\/v2\/comments?post=531"}],"version-history":[{"count":0,"href":"https:\/\/larepublicanews.com.do\/live\/wp-json\/wp\/v2\/posts\/531\/revisions"}],"wp:featuredmedia":[{"embeddable":true,"href":"https:\/\/larepublicanews.com.do\/live\/wp-json\/wp\/v2\/media\/532"}],"wp:attachment":[{"href":"https:\/\/larepublicanews.com.do\/live\/wp-json\/wp\/v2\/media?parent=531"}],"wp:term":[{"taxonomy":"category","embeddable":true,"href":"https:\/\/larepublicanews.com.do\/live\/wp-json\/wp\/v2\/categories?post=531"},{"taxonomy":"post_tag","embeddable":true,"href":"https:\/\/larepublicanews.com.do\/live\/wp-json\/wp\/v2\/tags?post=531"}],"curies":[{"name":"wp","href":"https:\/\/api.w.org\/{rel}","templated":true}]}}