{"id":523,"date":"2019-03-25T14:59:50","date_gmt":"2019-03-25T14:59:50","guid":{"rendered":"http:\/\/diario24news.com\/hoy\/?p=523"},"modified":"2019-03-25T14:59:50","modified_gmt":"2019-03-25T14:59:50","slug":"se-abre-cuenta-regresiva-para-que-pld-defina-su-candidatura","status":"publish","type":"post","link":"https:\/\/larepublicanews.com.do\/live\/se-abre-cuenta-regresiva-para-que-pld-defina-su-candidatura\/","title":{"rendered":"Se abre cuenta regresiva para que PLD defina su candidatura"},"content":{"rendered":"<p>La posibilidad de que prospere otra reelecci\u00f3n del presidente Danilo Medina comienza a agotarse de manera vertiginosa, mientras los plazos legales y administrativos, que afrontar\u00eda una decisi\u00f3n de tal magnitud, se adicionan a la barrera dif\u00edcil de franquear para los propulsores de la nueva reforma constitucional.<\/p>\n<p>El propio presidente Medina seleccion\u00f3 a marzo, que hoy est\u00e1 a seis d\u00edas de concluir, como el mes apropiado para hablar de la reelecci\u00f3n presidencial, prohibida por la Constituci\u00f3n de 2015. En ese proceso se cambiaron las reglas de juego para posibilitar la continuidad del mandatario, en medio de enconados debates que a\u00fan no cesan.<\/p>\n<p>Entre las cr\u00edticas que hacen los opositores de Medina est\u00e1n haber planteado en reiterados escenarios que este ser\u00eda su \u00faltimo per\u00edodo como presidente de la Rep\u00fablica y jurar ante Dios que no volver\u00eda a postularse, tras la reforma de la Constituci\u00f3n.<\/p>\n<p>Tambi\u00e9n, expresar que la reelecci\u00f3n abr\u00eda espacios a la corrupci\u00f3n con el uso de los recursos del Estado y que m\u00e1s recientemente sostuvo con vehemencia que era partidario del modelo norteamericano, ocho a\u00f1os y nunca m\u00e1s, que, dijo, ha funcionado en las mejores democracias del mundo.<\/p>\n<p>Los seguidores del jefe de Estado, que intensificaron su activismo en las \u00faltimas semanas, advierten que el primer escollo para montar la reelecci\u00f3n ser\u00eda el propio gobernante Partido de la Liberaci\u00f3n Dominicano (PLD), donde enfrentan al grupo del expresidente Leonel Fern\u00e1ndez.<\/p>\n<p>La decisiva aspiraci\u00f3n a volver al poder del exmandatario se cristalizar\u00eda en un acto masivo el 5 de mayo, donde ha prometido enarbolar dos millones de firmas de personas que lo apoyan y rechazan la reelecci\u00f3n, en nombre de la unidad y el triunfo.<\/p>\n<p><strong>TODAV\u00cdA QUEDAN PENDIENTES PUNTOS VITALES DEL ACUERDO FIRMADO EN 2015 PARA GARANTIZAR UNIDAD<\/strong><\/p>\n<p>En este caso ser\u00eda una aventura pensar que bastar\u00eda con que el danilismo controle los organismos de direcci\u00f3n del PLD para imponer su posici\u00f3n. La experiencia de 2015 est\u00e1 a\u00fan fresca en la memoria. Para garantizar la unidad, tras la decisi\u00f3n del Comit\u00e9 Pol\u00edtico el 19 de abril de ese a\u00f1o de modificar la Constituci\u00f3n, se desataron los demonios y fue preciso firmar el pacto conocido como \u201cReelecci\u00f3n por reelecci\u00f3n\u201d el 28 de mayo, el cual no se cumpli\u00f3 de manera literal.<\/p>\n<p>S\u00f3lo de esta manera el Congreso Nacional, de mayor\u00eda pelede\u00edsta, pudo aprobar de forma mete\u00f3rica la Ley n\u00famero 24-15 el 2 de junio de 2015, que convoc\u00f3 a la Asamblea Nacional Revisora para reformar el art\u00edculo 124 de la Constituci\u00f3n.<\/p>\n<p>Este art\u00edculo permit\u00eda al presidente Medina optar por un segundo per\u00edodo consecutivo y no postularse jam\u00e1s al mismo cargo ni a la vicepresidencia de la Rep\u00fablica.<\/p>\n<p><strong>TEMAS CR\u00cdTICOS<\/strong><\/p>\n<p><strong>Comit\u00e9 Pol\u00edtico.<\/strong><\/p>\n<p>El Comit\u00e9 Pol\u00edtico tendr\u00eda que reunirse a m\u00e1s tardar en abril para definir sus precandidatos.<\/p>\n<p><strong>\u00daltima reuni\u00f3n.<\/strong><\/p>\n<p>En su \u00faltima reuni\u00f3n del d\u00eda 4 el Comit\u00e9 Pol\u00edtico no decidi\u00f3 nada trascendente, debido a la ausencia de Medina.<\/p>\n<p><strong>Aspirantes.<\/strong><\/p>\n<p>Seis de los aspirantes presidenciales contin\u00faan como arando en el desierto, sin ninguna definici\u00f3n oficial.<\/p>\n<p><strong>El relevo.<\/strong><\/p>\n<p>La m\u00e1xima direcci\u00f3n del PLD parece haber abandonado el tema del relevo en la presidencia de la Rep\u00fablica.<\/p>\n<p><strong>Incertidumbre.<\/strong><\/p>\n<p>Mayor incertidumbre se refleja en nuevos aspirantes a cargos municipales y congresionales debido a crisis interna.<\/p>\n<p>Pero tambi\u00e9n se incluy\u00f3 la disposici\u00f3n transitoria para que en caso de que el presidente de la Rep\u00fablica correspondiente al per\u00edodo 2012-2016 fuera el candidato al mismo cargo, para el per\u00edodo 2016-2020 no pudiera presentarse para el siguiente per\u00edodo ni a ning\u00fan otro, as\u00ed como tampoco a la vicepresidencia.<\/p>\n<p>La Asamblea Nacional Revisora aprob\u00f3 la reforma constitucional en dos sesiones consecutivas el 6 y 13 de junio de 2015.<\/p>\n<p>Si en definitiva el presidente Medina decidiera hacer lo que nunca se ha hecho con la Constituci\u00f3n, intentando replicar esa situaci\u00f3n en este a\u00f1o preelectoral, encontrar\u00eda un panorama mucho m\u00e1s complejo y adverso.<\/p>\n<p>Los tambores de guerra no solo sonar\u00e1n en el PLD donde la divisi\u00f3n pende como Espada de Damocles sobre sus estructuras, sino tambi\u00e9n en el Congreso Nacional, en la nueva realidad de la geopol\u00edtica, en las fuerzas opositoras&#8230;Y como colof\u00f3n, en los plazos que impone la Ley 33-18 de Partidos, Agrupaciones y Movimientos Pol\u00edticos.<\/p>\n<p>Esta legislaci\u00f3n promulgada el 13 de agosto de 2018 y reglamentada por resoluci\u00f3n de la Junta Central Electoral (JCE), impone fechas fatales al PLD, en medio de la modalidad de primarias abiertas escogida para elegir sus candidatos el a\u00f1o en curso.<\/p>\n<p>Se establece, por ejemplo, que la precampa\u00f1a, donde deben estar definidos los aspirantes, se inicia el 7 de junio pr\u00f3ximo, y las reservas de candidaturas del 20 %, incluyendo las cedidas por alianzas y coaliciones, el 7 de ese mismo mes.<\/p>\n<p>Adem\u00e1s, las reservas de candidaturas por la m\u00e1xima direcci\u00f3n del partido ser\u00e1 comunicada en detalle a la JCE el 22 de junio, mientras que el plazo para el registro de precandidatura en la JCE se har\u00e1 el 22 de agosto, la celebraci\u00f3n de las primarias el 6 de octubre pr\u00f3ximo y el registro de las candidaturas en el tribunal de elecciones el 25 de ese mes.<\/p>\n<p>Esa realidad advierte que el PLD se coloca en la cuenta regresiva para definir sus candidaturas, pendiendo sobre su dirigencia la reelecci\u00f3n presidencial como la Espada de Damocles.<\/p>\n<p>&nbsp;<\/p>\n<p><em>Fuente:\u00a0<\/em><strong>Listin Diario<\/strong><\/p>\n","protected":false},"excerpt":{"rendered":"<p>La posibilidad de que prospere otra reelecci\u00f3n del presidente Danilo Medina comienza a agotarse de manera vertiginosa, mientras los plazos legales y administrativos, que afrontar\u00eda una decisi\u00f3n de tal magnitud, se adicionan a la barrera dif\u00edcil de franquear para los propulsores de la nueva reforma constitucional. El propio presidente Medina seleccion\u00f3 a marzo, que hoy est\u00e1 a seis d\u00edas de concluir, como el mes apropiado para hablar de la reelecci\u00f3n presidencial, prohibida por la Constituci\u00f3n de 2015. En ese proceso se cambiaron las reglas de juego para posibilitar la continuidad&hellip;<\/p>\n","protected":false},"author":3,"featured_media":524,"comment_status":"open","ping_status":"open","sticky":false,"template":"","format":"standard","meta":{"rop_custom_images_group":[],"rop_custom_messages_group":[],"rop_publish_now":"initial","rop_publish_now_accounts":[],"rop_publish_now_history":[],"rop_publish_now_status":"pending","footnotes":""},"categories":[1],"tags":[],"class_list":["post-523","post","type-post","status-publish","format-standard","has-post-thumbnail","hentry","category-sin-categoria"],"_links":{"self":[{"href":"https:\/\/larepublicanews.com.do\/live\/wp-json\/wp\/v2\/posts\/523","targetHints":{"allow":["GET"]}}],"collection":[{"href":"https:\/\/larepublicanews.com.do\/live\/wp-json\/wp\/v2\/posts"}],"about":[{"href":"https:\/\/larepublicanews.com.do\/live\/wp-json\/wp\/v2\/types\/post"}],"author":[{"embeddable":true,"href":"https:\/\/larepublicanews.com.do\/live\/wp-json\/wp\/v2\/users\/3"}],"replies":[{"embeddable":true,"href":"https:\/\/larepublicanews.com.do\/live\/wp-json\/wp\/v2\/comments?post=523"}],"version-history":[{"count":0,"href":"https:\/\/larepublicanews.com.do\/live\/wp-json\/wp\/v2\/posts\/523\/revisions"}],"wp:featuredmedia":[{"embeddable":true,"href":"https:\/\/larepublicanews.com.do\/live\/wp-json\/wp\/v2\/media\/524"}],"wp:attachment":[{"href":"https:\/\/larepublicanews.com.do\/live\/wp-json\/wp\/v2\/media?parent=523"}],"wp:term":[{"taxonomy":"category","embeddable":true,"href":"https:\/\/larepublicanews.com.do\/live\/wp-json\/wp\/v2\/categories?post=523"},{"taxonomy":"post_tag","embeddable":true,"href":"https:\/\/larepublicanews.com.do\/live\/wp-json\/wp\/v2\/tags?post=523"}],"curies":[{"name":"wp","href":"https:\/\/api.w.org\/{rel}","templated":true}]}}