{"id":518,"date":"2019-03-25T14:53:25","date_gmt":"2019-03-25T14:53:25","guid":{"rendered":"http:\/\/diario24news.com\/hoy\/?p=518"},"modified":"2019-03-25T14:53:25","modified_gmt":"2019-03-25T14:53:25","slug":"fernando-villalona-es-ascendido-a-primer-teniente","status":"publish","type":"post","link":"https:\/\/larepublicanews.com.do\/live\/fernando-villalona-es-ascendido-a-primer-teniente\/","title":{"rendered":"Fernando Villalona es ascendido a Primer Teniente"},"content":{"rendered":"<p>El cantante Ram\u00f3n Fernando Villalona \u00c9vora, mejor conocido como Fernandito Villalona fue ascendido a primer teniente del Ej\u00e9rcito Nacional seg\u00fan la lista de promociones de todas las entidades armadas del pa\u00eds, la cual fue dada a conocer el pasado viernes.<\/p>\n<p>El Mayimbe, quien tiene siete a\u00f1os en la instituci\u00f3n, hac\u00eda cinco a\u00f1os que ostentaba desde hac\u00eda 5 a\u00f1os el rango de segundo teniente, formando parte de la Compa\u00f1\u00eda Banda de M\u00fasica del Ej\u00e9rcito de Rep\u00fablica Dominicana.<\/p>\n<p>El int\u00e9rprete de \u201cCompa\u00f1era\u201dnaci\u00f3 el 7 de mayo de 1955 y ha grabado m\u00e1s de 20 \u00e1lbumes, casi todos \u00e9xitos rotundos.<\/p>\n<p>Algunas de sus canciones m\u00e1s conocidas son Canciones son \u201cTabaco y ron\u201d, \u201cLa hamaquita\u201d, \u201cDominicano soy\u201d, entre otros.<\/p>\n<p>Esta semana el merenguero desminti\u00f3 que haya sufrido un infarto, como circulara en las redes sociales.<\/p>\n<p>El popular cantante, hizo la aclaraci\u00f3n luego de recibir llamadas de familiares y amigos preocupados por la supuesta informaci\u00f3n de que hab\u00eda sufrido un infarto.<\/p>\n<p>El Mayimbe se presentara el lunes primero de abril en la discoteca Jet Set.<\/p>\n<p><em>Fuente:\u00a0<strong>Listin Diario<\/strong><\/em><\/p>\n","protected":false},"excerpt":{"rendered":"<p>El cantante Ram\u00f3n Fernando Villalona \u00c9vora, mejor conocido como Fernandito Villalona fue ascendido a primer teniente del Ej\u00e9rcito Nacional seg\u00fan la lista de promociones de todas las entidades armadas del pa\u00eds, la cual fue dada a conocer el pasado viernes. El Mayimbe, quien tiene siete a\u00f1os en la instituci\u00f3n, hac\u00eda cinco a\u00f1os que ostentaba desde hac\u00eda 5 a\u00f1os el rango de segundo teniente, formando parte de la Compa\u00f1\u00eda Banda de M\u00fasica del Ej\u00e9rcito de Rep\u00fablica Dominicana. El int\u00e9rprete de \u201cCompa\u00f1era\u201dnaci\u00f3 el 7 de mayo de 1955 y ha grabado m\u00e1s&hellip;<\/p>\n","protected":false},"author":3,"featured_media":521,"comment_status":"open","ping_status":"open","sticky":false,"template":"","format":"standard","meta":{"rop_custom_images_group":[],"rop_custom_messages_group":[],"rop_publish_now":"initial","rop_publish_now_accounts":[],"rop_publish_now_history":[],"rop_publish_now_status":"pending","footnotes":""},"categories":[13,29],"tags":[],"class_list":["post-518","post","type-post","status-publish","format-standard","has-post-thumbnail","hentry","category-entretenimiento","category-sociedad"],"_links":{"self":[{"href":"https:\/\/larepublicanews.com.do\/live\/wp-json\/wp\/v2\/posts\/518","targetHints":{"allow":["GET"]}}],"collection":[{"href":"https:\/\/larepublicanews.com.do\/live\/wp-json\/wp\/v2\/posts"}],"about":[{"href":"https:\/\/larepublicanews.com.do\/live\/wp-json\/wp\/v2\/types\/post"}],"author":[{"embeddable":true,"href":"https:\/\/larepublicanews.com.do\/live\/wp-json\/wp\/v2\/users\/3"}],"replies":[{"embeddable":true,"href":"https:\/\/larepublicanews.com.do\/live\/wp-json\/wp\/v2\/comments?post=518"}],"version-history":[{"count":0,"href":"https:\/\/larepublicanews.com.do\/live\/wp-json\/wp\/v2\/posts\/518\/revisions"}],"wp:featuredmedia":[{"embeddable":true,"href":"https:\/\/larepublicanews.com.do\/live\/wp-json\/wp\/v2\/media\/521"}],"wp:attachment":[{"href":"https:\/\/larepublicanews.com.do\/live\/wp-json\/wp\/v2\/media?parent=518"}],"wp:term":[{"taxonomy":"category","embeddable":true,"href":"https:\/\/larepublicanews.com.do\/live\/wp-json\/wp\/v2\/categories?post=518"},{"taxonomy":"post_tag","embeddable":true,"href":"https:\/\/larepublicanews.com.do\/live\/wp-json\/wp\/v2\/tags?post=518"}],"curies":[{"name":"wp","href":"https:\/\/api.w.org\/{rel}","templated":true}]}}