{"id":505,"date":"2019-03-24T01:03:17","date_gmt":"2019-03-24T01:03:17","guid":{"rendered":"http:\/\/diario24news.com\/hoy\/?p=505"},"modified":"2019-03-24T01:03:17","modified_gmt":"2019-03-24T01:03:17","slug":"asi-no-mi-querido-frank-le-dice-margarita-cedeno-a-dominguez-brito","status":"publish","type":"post","link":"https:\/\/larepublicanews.com.do\/live\/asi-no-mi-querido-frank-le-dice-margarita-cedeno-a-dominguez-brito\/","title":{"rendered":"\u201cAs\u00ed no mi querido Frank\u201d, le dice Margarita Cede\u00f1o a Dom\u00ednguez Brito"},"content":{"rendered":"<p>La vicepresidenta de la Rep\u00fablica, Margarita Cede\u00f1o de Fern\u00e1ndez, se uni\u00f3 al grupo de pelede\u00edstas que ha criticado al aspirante a la presidencia del Partido de la Liberaci\u00f3n Dominicana (PLD), Francisco Dom\u00ednguez Brito, por un video en el que se le ve quemando una gorra de esa organizaci\u00f3n pol\u00edtica.<\/p>\n<p>Cede\u00f1o se expres\u00f3 sorprendida ante el spot publicado anoche por Dom\u00ednguez Brito en sus redes sociales, ya que lo considera una persona ecu\u00e1nime.<\/p>\n<p>\u201cMe extra\u00f1a tanto este exabrupto. Estamos viviendo tiempos muy violentos que demandan que el liderazgo incentive acciones positivas: ser parte de la soluci\u00f3n y de la creaci\u00f3n de nuevos espacios de poder\u201d, escribi\u00f3 la vicepresidenta a trav\u00e9s de su cuenta en la red social Twitter.<\/p>\n<p>Dijo que tal vez construir sobre cenizas sea m\u00e1s f\u00e1cil, pero ella prefiere cambios y transformaciones radicales desde la luz que opaque la oscuridad.<\/p>\n<p>\u201cQuemar los s\u00edmbolos de nuestro Partido manda un mensaje err\u00f3neo a los j\u00f3venes que aspiran a ser parte de un mejor @PLDenlinea, que retorne a la m\u00edstica y los principios que nos llevaron a transformar el pa\u00eds y recobrar la dignidad como #dominicanos\u201d.<\/p>\n<p>Margarita Cede\u00f1o de Fern\u00e1ndez se\u00f1ala que los que aspiran a los liderazgos del pa\u00eds tienen el compromiso de ser inspiraci\u00f3n de manera positiva, \u201cde servir al pueblo de Dios, de lograr paz, el progreso y la felicidad de todos y todas. \u00a1As\u00ed no mi querido Frank @DominguezBrito!\u201d, concluy\u00f3 la vicepresidenta.<\/p>\n<p>En el d\u00eda de ayer, Francisco Dom\u00ednguez Brito, quem\u00f3 una gorra del PLD, organizaci\u00f3n a la que pertenece, haciendo alusi\u00f3n a que esa instituci\u00f3n debe hacer ceniza \u201ctodo lo que no sirve\u201d.<\/p>\n<p>&nbsp;<\/p>\n<p><em>Fuente:\u00a0<strong>Listin Diario<\/strong><\/em><\/p>\n","protected":false},"excerpt":{"rendered":"<p>La vicepresidenta de la Rep\u00fablica, Margarita Cede\u00f1o de Fern\u00e1ndez, se uni\u00f3 al grupo de pelede\u00edstas que ha criticado al aspirante a la presidencia del Partido de la Liberaci\u00f3n Dominicana (PLD), Francisco Dom\u00ednguez Brito, por un video en el que se le ve quemando una gorra de esa organizaci\u00f3n pol\u00edtica. Cede\u00f1o se expres\u00f3 sorprendida ante el spot publicado anoche por Dom\u00ednguez Brito en sus redes sociales, ya que lo considera una persona ecu\u00e1nime. \u201cMe extra\u00f1a tanto este exabrupto. Estamos viviendo tiempos muy violentos que demandan que el liderazgo incentive acciones positivas:&hellip;<\/p>\n","protected":false},"author":3,"featured_media":506,"comment_status":"open","ping_status":"open","sticky":false,"template":"","format":"standard","meta":{"rop_custom_images_group":[],"rop_custom_messages_group":[],"rop_publish_now":"initial","rop_publish_now_accounts":[],"rop_publish_now_history":[],"rop_publish_now_status":"pending","footnotes":""},"categories":[2,24],"tags":[],"class_list":["post-505","post","type-post","status-publish","format-standard","has-post-thumbnail","hentry","category-actualidad","category-politica"],"_links":{"self":[{"href":"https:\/\/larepublicanews.com.do\/live\/wp-json\/wp\/v2\/posts\/505","targetHints":{"allow":["GET"]}}],"collection":[{"href":"https:\/\/larepublicanews.com.do\/live\/wp-json\/wp\/v2\/posts"}],"about":[{"href":"https:\/\/larepublicanews.com.do\/live\/wp-json\/wp\/v2\/types\/post"}],"author":[{"embeddable":true,"href":"https:\/\/larepublicanews.com.do\/live\/wp-json\/wp\/v2\/users\/3"}],"replies":[{"embeddable":true,"href":"https:\/\/larepublicanews.com.do\/live\/wp-json\/wp\/v2\/comments?post=505"}],"version-history":[{"count":0,"href":"https:\/\/larepublicanews.com.do\/live\/wp-json\/wp\/v2\/posts\/505\/revisions"}],"wp:featuredmedia":[{"embeddable":true,"href":"https:\/\/larepublicanews.com.do\/live\/wp-json\/wp\/v2\/media\/506"}],"wp:attachment":[{"href":"https:\/\/larepublicanews.com.do\/live\/wp-json\/wp\/v2\/media?parent=505"}],"wp:term":[{"taxonomy":"category","embeddable":true,"href":"https:\/\/larepublicanews.com.do\/live\/wp-json\/wp\/v2\/categories?post=505"},{"taxonomy":"post_tag","embeddable":true,"href":"https:\/\/larepublicanews.com.do\/live\/wp-json\/wp\/v2\/tags?post=505"}],"curies":[{"name":"wp","href":"https:\/\/api.w.org\/{rel}","templated":true}]}}