{"id":493,"date":"2019-03-24T00:33:05","date_gmt":"2019-03-24T00:33:05","guid":{"rendered":"http:\/\/diario24news.com\/hoy\/?p=493"},"modified":"2019-03-24T00:33:05","modified_gmt":"2019-03-24T00:33:05","slug":"malecon-sera-de-prioridad-turistica-y-de-esparcimiento","status":"publish","type":"post","link":"https:\/\/larepublicanews.com.do\/live\/malecon-sera-de-prioridad-turistica-y-de-esparcimiento\/","title":{"rendered":"Malec\u00f3n ser\u00e1 de prioridad tur\u00edstica y de esparcimiento"},"content":{"rendered":"<p>El Concejo de Regidores de la Sala Capitular del Distrito Nacional declar\u00f3 el Malec\u00f3n de Santo Domingo como zona de prioridad tur\u00edstica y de esparcimiento de la ciudad mediante la Ordenanza n\u00famero 3-19.<\/p>\n<p>La sala capitular destac\u00f3 de manera especial el tramo de la avenida George Washington comprendido entre la avenida Abraham Lincoln y la calle Fernando Arturo de Meri\u00f1o, que representa una intervenci\u00f3n de unos 6,760 metros lineales de distancia.<\/p>\n<p>A su vez autoriza al alcalde del Distrito, David Collado, a realizar la cantidad de convenios necesarios, para garantizar el orden y la seguridad con todas las instituciones que velan por la seguridad ciudadana como los ministerios de Defensa y de Interior, el Cuerpo Especializado de Seguridad Tur\u00edstica, la Polic\u00eda y el Ministerio de Turismo.<\/p>\n<p>Esto garantizar\u00eda adoptar las medidas y ampliar el personal asignado en la zona en beneficio de la seguridad de los visitantes locales y turistas.<\/p>\n<p>La ordenanza que entr\u00f3 en vigor, solicita adem\u00e1s a la Direcci\u00f3n General de Tr\u00e1nsito Terrestre (Digesett), asignar el personal que haga cumplir los l\u00edmites de velocidad, uso adecuado de espacios p\u00fablicos por peatones y conductores en virtud de la Ley 63-17 sobre Movilidad, Trandporte Terrestre, Tr\u00e1nsito y Seguridad Vial.<\/p>\n<p><em>Fuente:\u00a0<strong>Listin Diario<\/strong><\/em><\/p>\n","protected":false},"excerpt":{"rendered":"<p>El Concejo de Regidores de la Sala Capitular del Distrito Nacional declar\u00f3 el Malec\u00f3n de Santo Domingo como zona de prioridad tur\u00edstica y de esparcimiento de la ciudad mediante la Ordenanza n\u00famero 3-19. La sala capitular destac\u00f3 de manera especial el tramo de la avenida George Washington comprendido entre la avenida Abraham Lincoln y la calle Fernando Arturo de Meri\u00f1o, que representa una intervenci\u00f3n de unos 6,760 metros lineales de distancia. A su vez autoriza al alcalde del Distrito, David Collado, a realizar la cantidad de convenios necesarios, para garantizar&hellip;<\/p>\n","protected":false},"author":3,"featured_media":494,"comment_status":"open","ping_status":"open","sticky":false,"template":"","format":"standard","meta":{"rop_custom_images_group":[],"rop_custom_messages_group":[],"rop_publish_now":"initial","rop_publish_now_accounts":[],"rop_publish_now_history":[],"rop_publish_now_status":"pending","footnotes":""},"categories":[2,5],"tags":[],"class_list":["post-493","post","type-post","status-publish","format-standard","has-post-thumbnail","hentry","category-actualidad","category-cultura"],"_links":{"self":[{"href":"https:\/\/larepublicanews.com.do\/live\/wp-json\/wp\/v2\/posts\/493","targetHints":{"allow":["GET"]}}],"collection":[{"href":"https:\/\/larepublicanews.com.do\/live\/wp-json\/wp\/v2\/posts"}],"about":[{"href":"https:\/\/larepublicanews.com.do\/live\/wp-json\/wp\/v2\/types\/post"}],"author":[{"embeddable":true,"href":"https:\/\/larepublicanews.com.do\/live\/wp-json\/wp\/v2\/users\/3"}],"replies":[{"embeddable":true,"href":"https:\/\/larepublicanews.com.do\/live\/wp-json\/wp\/v2\/comments?post=493"}],"version-history":[{"count":0,"href":"https:\/\/larepublicanews.com.do\/live\/wp-json\/wp\/v2\/posts\/493\/revisions"}],"wp:featuredmedia":[{"embeddable":true,"href":"https:\/\/larepublicanews.com.do\/live\/wp-json\/wp\/v2\/media\/494"}],"wp:attachment":[{"href":"https:\/\/larepublicanews.com.do\/live\/wp-json\/wp\/v2\/media?parent=493"}],"wp:term":[{"taxonomy":"category","embeddable":true,"href":"https:\/\/larepublicanews.com.do\/live\/wp-json\/wp\/v2\/categories?post=493"},{"taxonomy":"post_tag","embeddable":true,"href":"https:\/\/larepublicanews.com.do\/live\/wp-json\/wp\/v2\/tags?post=493"}],"curies":[{"name":"wp","href":"https:\/\/api.w.org\/{rel}","templated":true}]}}