{"id":490,"date":"2019-03-24T00:24:44","date_gmt":"2019-03-24T00:24:44","guid":{"rendered":"http:\/\/diario24news.com\/hoy\/?p=490"},"modified":"2019-03-24T00:24:44","modified_gmt":"2019-03-24T00:24:44","slug":"danilo-le-pide-a-trump-eliminar-alerta-de-viaje-de-sus-ciudadanos-a-rd","status":"publish","type":"post","link":"https:\/\/larepublicanews.com.do\/live\/danilo-le-pide-a-trump-eliminar-alerta-de-viaje-de-sus-ciudadanos-a-rd\/","title":{"rendered":"Danilo le pide a Trump eliminar alerta de viaje de sus ciudadanos a RD"},"content":{"rendered":"<div id=\"article_zone\">\n<article>\n<div id=\"ArticleBody\">\n<p>El presidente de Estados Unidos, Donald Trump, prometi\u00f3 que revisaran la alerta de seguridad impuesta a los ciudadanos de su pa\u00eds para viajar a Rep\u00fablica Dominicana.<\/p>\n<p>As\u00ed lo inform\u00f3 el presidente Danilo Medina a su llegada al pa\u00eds procedente de Miami, quien dijo que le hizo la petici\u00f3n al mandatario estadounidense junto al ministro de Bahamas, Hubert A. Minnis, que tambi\u00e9n le fue aplicada la misma medida.<\/p>\n<p>Medina dijo que el gobierno estadounidense prometi\u00f3 que revisar\u00edan la medida, impuesta el pasado 15 de febrero, alegando aumento de la criminalidad e inseguridad en el pa\u00eds.<\/p>\n<p>Medina se reuni\u00f3 con Trump en un encuentro donde tambi\u00e9n participaron otros cuatro mandatarios del Caribe en la residente de veraneo que posee Trump en Mar-a-lago, Florida.<\/p>\n<p>\u201cLos delitos violentos, como el robo, el asesinato y el asalto sexual, son comunes. La amplia disponibilidad de armas, el uso y el comercio de drogas il\u00edcitas y un sistema de justicia penal d\u00e9bil contribuyen al alto nivel de criminalidad\u201d, public\u00f3 el portal web estadounidense para entonces.<\/p>\n<p>Medina habl\u00f3 tras llegar esta tarde al pa\u00eds por la Base A\u00e9rea de San Isidro.<\/p>\n<p><iframe loading=\"lazy\" src=\"https:\/\/www.youtube.com\/embed\/8KChwHXdF6c\" width=\"640\" height=\"360\" frameborder=\"0\" allowfullscreen=\"allowfullscreen\" data-mce-fragment=\"1\"><\/iframe><\/p>\n<\/div>\n<div><em>Fuente:\u00a0<strong>Listin Diario<\/strong><\/em><\/div>\n<\/article>\n<\/div>\n<div id=\"DivComentarios\"><\/div>\n","protected":false},"excerpt":{"rendered":"<p>El presidente de Estados Unidos, Donald Trump, prometi\u00f3 que revisaran la alerta de seguridad impuesta a los ciudadanos de su pa\u00eds para viajar a Rep\u00fablica Dominicana. As\u00ed lo inform\u00f3 el presidente Danilo Medina a su llegada al pa\u00eds procedente de Miami, quien dijo que le hizo la petici\u00f3n al mandatario estadounidense junto al ministro de Bahamas, Hubert A. Minnis, que tambi\u00e9n le fue aplicada la misma medida. Medina dijo que el gobierno estadounidense prometi\u00f3 que revisar\u00edan la medida, impuesta el pasado 15 de febrero, alegando aumento de la criminalidad e&hellip;<\/p>\n","protected":false},"author":3,"featured_media":491,"comment_status":"open","ping_status":"open","sticky":false,"template":"","format":"standard","meta":{"rop_custom_images_group":[],"rop_custom_messages_group":[],"rop_publish_now":"initial","rop_publish_now_accounts":[],"rop_publish_now_history":[],"rop_publish_now_status":"pending","footnotes":""},"categories":[18,24],"tags":[],"class_list":["post-490","post","type-post","status-publish","format-standard","has-post-thumbnail","hentry","category-world","category-politica"],"_links":{"self":[{"href":"https:\/\/larepublicanews.com.do\/live\/wp-json\/wp\/v2\/posts\/490","targetHints":{"allow":["GET"]}}],"collection":[{"href":"https:\/\/larepublicanews.com.do\/live\/wp-json\/wp\/v2\/posts"}],"about":[{"href":"https:\/\/larepublicanews.com.do\/live\/wp-json\/wp\/v2\/types\/post"}],"author":[{"embeddable":true,"href":"https:\/\/larepublicanews.com.do\/live\/wp-json\/wp\/v2\/users\/3"}],"replies":[{"embeddable":true,"href":"https:\/\/larepublicanews.com.do\/live\/wp-json\/wp\/v2\/comments?post=490"}],"version-history":[{"count":0,"href":"https:\/\/larepublicanews.com.do\/live\/wp-json\/wp\/v2\/posts\/490\/revisions"}],"wp:featuredmedia":[{"embeddable":true,"href":"https:\/\/larepublicanews.com.do\/live\/wp-json\/wp\/v2\/media\/491"}],"wp:attachment":[{"href":"https:\/\/larepublicanews.com.do\/live\/wp-json\/wp\/v2\/media?parent=490"}],"wp:term":[{"taxonomy":"category","embeddable":true,"href":"https:\/\/larepublicanews.com.do\/live\/wp-json\/wp\/v2\/categories?post=490"},{"taxonomy":"post_tag","embeddable":true,"href":"https:\/\/larepublicanews.com.do\/live\/wp-json\/wp\/v2\/tags?post=490"}],"curies":[{"name":"wp","href":"https:\/\/api.w.org\/{rel}","templated":true}]}}