{"id":479,"date":"2019-03-22T18:33:47","date_gmt":"2019-03-22T18:33:47","guid":{"rendered":"http:\/\/diario24news.com\/hoy\/?p=479"},"modified":"2019-03-22T18:33:47","modified_gmt":"2019-03-22T18:33:47","slug":"danilo-parte-a-la-florida-para-reunirse-con-donald-trump","status":"publish","type":"post","link":"https:\/\/larepublicanews.com.do\/live\/danilo-parte-a-la-florida-para-reunirse-con-donald-trump\/","title":{"rendered":"Danilo parte a La Florida para reunirse con Donald Trump"},"content":{"rendered":"<p>El presidente Danilo Medina parti\u00f3 esta ma\u00f1ana hacia La Florida, en los Estados Unidos, donde tiene previsto reunirse hoy con el presidente de los Estados Unidos, Donald Trump.<\/p>\n<p>El mandatario sali\u00f3 acompa\u00f1ado de los ministros de la Presidencia, Gustavo Montalvo; administrativo de la Presidencia, Jos\u00e9 Ram\u00f3n Peralta y el canciller Miguel Vargas Maldonado.<\/p>\n<p>Adem\u00e1s, la delegaci\u00f3n la completan los empresarios Jos\u00e9 Gonz\u00e1lez Cuadra y Pepe Fanjul y el director de comunicaciones de la Presidencia, Roberto Rodr\u00edguez Marchena.<\/p>\n<p>La salida del presidente Medina se produjo por la base a\u00e9rea de San Isidro en un vuelo privado.<\/p>\n<p>La noche del martes la Casa Blanca emiti\u00f3 un comunicado en el que informaba de la convocatoria a la reuni\u00f3n a la que fue convocada Medina. Tambi\u00e9n participar\u00e1n los l\u00edderes de Santa Luc\u00eda, Jamaica, Hait\u00ed y Bahamas.<\/p>\n<p>La Casa Blanca inform\u00f3 que la intenci\u00f3n de la reuni\u00f3n es discutir los temas de Venezuela y \u00abla depredaci\u00f3n China\u00bb.<\/p>\n<p>&nbsp;<\/p>\n<p><em>Fuente:\u00a0<strong>Listin Diario<\/strong><\/em><\/p>\n","protected":false},"excerpt":{"rendered":"<p>El presidente Danilo Medina parti\u00f3 esta ma\u00f1ana hacia La Florida, en los Estados Unidos, donde tiene previsto reunirse hoy con el presidente de los Estados Unidos, Donald Trump. El mandatario sali\u00f3 acompa\u00f1ado de los ministros de la Presidencia, Gustavo Montalvo; administrativo de la Presidencia, Jos\u00e9 Ram\u00f3n Peralta y el canciller Miguel Vargas Maldonado. Adem\u00e1s, la delegaci\u00f3n la completan los empresarios Jos\u00e9 Gonz\u00e1lez Cuadra y Pepe Fanjul y el director de comunicaciones de la Presidencia, Roberto Rodr\u00edguez Marchena. La salida del presidente Medina se produjo por la base a\u00e9rea de San&hellip;<\/p>\n","protected":false},"author":3,"featured_media":481,"comment_status":"open","ping_status":"open","sticky":false,"template":"","format":"standard","meta":{"rop_custom_images_group":[],"rop_custom_messages_group":[],"rop_publish_now":"initial","rop_publish_now_accounts":[],"rop_publish_now_history":[],"rop_publish_now_status":"pending","footnotes":""},"categories":[15,18],"tags":[],"class_list":["post-479","post","type-post","status-publish","format-standard","has-post-thumbnail","hentry","category-estados-unidos","category-world"],"_links":{"self":[{"href":"https:\/\/larepublicanews.com.do\/live\/wp-json\/wp\/v2\/posts\/479","targetHints":{"allow":["GET"]}}],"collection":[{"href":"https:\/\/larepublicanews.com.do\/live\/wp-json\/wp\/v2\/posts"}],"about":[{"href":"https:\/\/larepublicanews.com.do\/live\/wp-json\/wp\/v2\/types\/post"}],"author":[{"embeddable":true,"href":"https:\/\/larepublicanews.com.do\/live\/wp-json\/wp\/v2\/users\/3"}],"replies":[{"embeddable":true,"href":"https:\/\/larepublicanews.com.do\/live\/wp-json\/wp\/v2\/comments?post=479"}],"version-history":[{"count":0,"href":"https:\/\/larepublicanews.com.do\/live\/wp-json\/wp\/v2\/posts\/479\/revisions"}],"wp:featuredmedia":[{"embeddable":true,"href":"https:\/\/larepublicanews.com.do\/live\/wp-json\/wp\/v2\/media\/481"}],"wp:attachment":[{"href":"https:\/\/larepublicanews.com.do\/live\/wp-json\/wp\/v2\/media?parent=479"}],"wp:term":[{"taxonomy":"category","embeddable":true,"href":"https:\/\/larepublicanews.com.do\/live\/wp-json\/wp\/v2\/categories?post=479"},{"taxonomy":"post_tag","embeddable":true,"href":"https:\/\/larepublicanews.com.do\/live\/wp-json\/wp\/v2\/tags?post=479"}],"curies":[{"name":"wp","href":"https:\/\/api.w.org\/{rel}","templated":true}]}}