{"id":467,"date":"2019-03-20T16:01:36","date_gmt":"2019-03-20T16:01:36","guid":{"rendered":"http:\/\/diario24news.com\/hoy\/?p=467"},"modified":"2019-03-20T16:01:36","modified_gmt":"2019-03-20T16:01:36","slug":"en-argelia-el-caso-de-bouteflika","status":"publish","type":"post","link":"https:\/\/larepublicanews.com.do\/live\/en-argelia-el-caso-de-bouteflika\/","title":{"rendered":"En Argelia, el caso de Bouteflika"},"content":{"rendered":"<p>A sus 82 a\u00f1os, se traslada fr\u00e1gil en silla de ruedas. Durante siete a\u00f1os no ha pronunciado discurso alguno dirigi\u00e9ndose al pa\u00eds. No ha hecho ninguna aparici\u00f3n p\u00fablica y su \u201cpresencia\u201d en las actividades oficiales se hace a trav\u00e9s de una foto. Tiene dificultades respiratorias, la mirada perdida y su voz se siente ahogada en un susurro incomprensible.<\/p>\n<p>Se trata de Abdelaziz Bouteflika, presidente durante 20 a\u00f1os consecutivos, desde el 1999, de la Rep\u00fablica de Argelia, la naci\u00f3n, en t\u00e9rminos territoriales, m\u00e1s grande de \u00c1frica.<\/p>\n<p>El pasado 10 de febrero, mediante una carta dirigida a las autoridades electorales, a modo de plan de gobierno, present\u00f3 documentos para formalizar su quinta candidatura presidencial para las elecciones a celebrarse el 18 de abril de este a\u00f1o.<\/p>\n<p>En esa carta expres\u00f3: \u201cNo tengo las mismas fuerzas f\u00edsicas que antes, cosa que nunca he ocultado a nuestro pueblo, pero jam\u00e1s me ha faltado la voluntad inalterable de servir a nuestra patria\u201d.<\/p>\n<p>A eso a\u00f1adi\u00f3, de manera sorprendente, que en caso de ser reelegido, se compromet\u00eda a abandonar el poder r\u00e1pidamente.<\/p>\n<p>Esas promesas, sin embargo, no fueron cre\u00eddas. Ya hab\u00edan sido escuchadas antes por el pueblo argelino. En el 2008, Bouteflika, al t\u00e9rmino de su segundo mandato, modific\u00f3 la Constituci\u00f3n de Argelia a los fines de habilitar la reelecci\u00f3n de forma indefinida.<\/p>\n<p>En el 2011, en pleno apogeo de la Primavera \u00c1rabe, que hizo sucumbir a varios reg\u00edmenes de la regi\u00f3n, el presidente argelino prometi\u00f3 una nueva reforma constitucional que se propon\u00eda volver a la situaci\u00f3n anterior, limitando el n\u00famero de mandatos a dos. Ese compromiso, sin embargo, no se materializ\u00f3 sino hasta el 2016, cuando iniciaba su cuarto periodo de gobierno.<\/p>\n<p>A diferencia de ocasiones anteriores, la decisi\u00f3n de Abdelaziz Bouteflika de presentarse como candidato para un quinto mandato consecutivo, provoc\u00f3 una oleada de protestas que inund\u00f3 las calles de diversas ciudades de Argelia, hasta el punto de hacer tambalear al gobierno.<\/p>\n<p><strong>Ascenso de Bouteflika<\/strong><\/p>\n<p>Bouteflika lleg\u00f3 al poder luego de una sangrienta guerra civil en Argelia, que surgi\u00f3 en 1991, cuando el gobierno del Frente de Liberaci\u00f3n Nacional (FLN) suprimi\u00f3 los resultados de las elecciones ganadas por el Frente Isl\u00e1mico de Salvaci\u00f3n.<\/p>\n<p>Los muertos ocasionados por esa guerra civil fueron numerosos. Se calculan en m\u00e1s de 200 mil personas. En definitiva, un episodio sangriento que dej\u00f3 profundas huellas y polariz\u00f3 a la sociedad argelina.<\/p>\n<p>La derrota electoral experimentada en los comicios de 1991, fue la \u00fanica vez en que la hegemon\u00eda pol\u00edtica del FLN, la organizaci\u00f3n que dirigi\u00f3 la lucha por la independencia de Argelia contra el poder colonial franc\u00e9s, luego de la Segunda Guerra Mundial, se vio alterada.<\/p>\n<p>En medio de las convulsiones y conflictos que estremec\u00edan a la sociedad argelina de aquella \u00e9poca, Abdelaziz Bouteflika, el benjam\u00edn de los l\u00edderes hist\u00f3ricos de las luchas independentistas del pa\u00eds ubicado en el Norte de Africa, junto a Ahmed Ben Bella y Hoari Boumediene, lleg\u00f3 al poder en los comicios celebrados en 1999, luego 20 a\u00f1os en el exilio.<\/p>\n<p>Su triunfo fue impactante. Concit\u00f3 m\u00e1s del 74% de los votos, algo inusitado en la historia electoral de su pa\u00eds.<\/p>\n<p>Durante su primera gesti\u00f3n de gobierno se firmaron acuerdos de paz y se concedi\u00f3 amnist\u00eda a las personas que participaron en la guerra civil. Igualmente, se consolid\u00f3 la noci\u00f3n de Argelia como un Estado de lengua \u00e1rabe, religi\u00f3n isl\u00e1mica y gobierno progresista.<\/p>\n<p>En el 2004, Bouteflika obtuvo otra victoria contundente. Alcanz\u00f3 el 85% de los votos, a pesar de que se presentaron informes sobre irregularidades en el proceso electoral.<\/p>\n<p>Era la \u00e9poca en que se iniciaba el incremento del precio de los combustibles, lo que contribuy\u00f3 al crecimiento de la econom\u00eda argelina; y por lo tanto, a la consolidaci\u00f3n pol\u00edtica del antiguo dirigente del FLN.<\/p>\n<p>A pesar de que las circunstancias le resultaban favorables, no era posible, sin embargo, un tercer periodo gubernamental. No obstante, Bouteflika, apoy\u00e1ndose en la mayor\u00eda con la que contaba en el parlamento, procedi\u00f3 en el 2008 a una reforma de la Constituci\u00f3n que elimin\u00f3 la prohibici\u00f3n para su nueva repostulaci\u00f3n.<\/p>\n<p><strong>Auge y ca\u00edda<\/strong><\/p>\n<p>En las elecciones de 2009, volvi\u00f3 a ganar. Esta vez, en forma astron\u00f3mica, con el 90.2% de los votos. Sin embargo, con un nivel hist\u00f3rico de abstenci\u00f3n, del 75%, lo que era un reflejo del descontento de la poblaci\u00f3n con lo que ya empezaba a percibirse como un intento por eternizarse en el poder.<\/p>\n<p>En el 2005, Bouteflika hab\u00eda sido trasladado a un hospital en Francia para ser intervenido de una \u00falcera sangrante. Ocho a\u00f1os despu\u00e9s, en el 2013, sufri\u00f3 un accidente cerebrovascular; y en el 2016 se someti\u00f3 a un examen invasivo del colon.<\/p>\n<p>Debido al derrame cerebral, sus funciones neurol\u00f3gicas se degradaron. Eso limit\u00f3 su capacidad para impedir la ingesti\u00f3n de alimentos o l\u00edquidos en los pulmones. Est\u00e1 afectado de afasia, lo que implica una p\u00e9rdida parcial del lenguaje. Apenas se le entiende: pr\u00e1cticamente hay que leer sus labios.<\/p>\n<p>Ante el deterioro evidente de su salud, en diversos sectores de la sociedad argelina se cuestiona su capacidad para seguir gobernando. Circulan rumores de que detr\u00e1s de su fr\u00e1gil figura, son otros los que realmente toman las decisiones sobre el destino del pa\u00eds.<\/p>\n<p>El anuncio de la repostulaci\u00f3n de Bouteflika para un quinto mandato consecutivo provoc\u00f3 c\u00f3lera e indignaci\u00f3n en diversos sectores de la vida nacional, sobre todo porque coincidi\u00f3 con un nuevo internamiento suyo en un hospital de Ginebra, Suiza.<\/p>\n<p>Las protestas, convocadas a trav\u00e9s de las redes sociales, se multiplicaron. Oleadas de multitudes se dieron cita cada semana, pasando a tener el control de las calles. La estructura tradicional de poder se vio sacudida.<\/p>\n<p>Al final, en raz\u00f3n del poder del pueblo expresado en las imponentes manifestaciones en contra de una nueva reelecci\u00f3n de Bouteflika; del impacto de la opini\u00f3n p\u00fablica; de la presi\u00f3n de la sociedad civil; y de la acci\u00f3n ejemplar de la juventud, el anciano presidente, considerado por los m\u00e9dicos de estar en \u201criesgo vital permanente\u201d, tuvo que enviar, desde su lecho de paciente, una carta, dirigida al pa\u00eds, en la que declinaba de sus nuevas aspiraciones continuistas.<\/p>\n<p>Fue una grave derrota para un l\u00edder pol\u00edtico que hab\u00eda acumulado incuestionables m\u00e9ritos en las luchas hist\u00f3ricas de su patria por alcanzar la independencia, la paz y la prosperidad.<\/p>\n<p>Pero fue, al mismo tiempo, una gran victoria para el pueblo argelino, el cual, por medio de su tenaz determinaci\u00f3n e inquebrantable decisi\u00f3n de lucha, demostr\u00f3 el car\u00e1cter invencible de los pueblos cuando \u00e9stos se enfrentan a la obstinada insensatez de sus gobernantes.<\/p>\n<p>&nbsp;<\/p>\n<p><em>Fuente:<\/em> <strong>Vanguardia del pueblo\u00a0<\/strong><\/p>\n","protected":false},"excerpt":{"rendered":"<p>A sus 82 a\u00f1os, se traslada fr\u00e1gil en silla de ruedas. Durante siete a\u00f1os no ha pronunciado discurso alguno dirigi\u00e9ndose al pa\u00eds. No ha hecho ninguna aparici\u00f3n p\u00fablica y su \u201cpresencia\u201d en las actividades oficiales se hace a trav\u00e9s de una foto. Tiene dificultades respiratorias, la mirada perdida y su voz se siente ahogada en un susurro incomprensible. Se trata de Abdelaziz Bouteflika, presidente durante 20 a\u00f1os consecutivos, desde el 1999, de la Rep\u00fablica de Argelia, la naci\u00f3n, en t\u00e9rminos territoriales, m\u00e1s grande de \u00c1frica. El pasado 10 de febrero,&hellip;<\/p>\n","protected":false},"author":3,"featured_media":468,"comment_status":"open","ping_status":"open","sticky":false,"template":"","format":"standard","meta":{"rop_custom_images_group":[],"rop_custom_messages_group":[],"rop_publish_now":"initial","rop_publish_now_accounts":[],"rop_publish_now_history":[],"rop_publish_now_status":"pending","footnotes":""},"categories":[2],"tags":[],"class_list":["post-467","post","type-post","status-publish","format-standard","has-post-thumbnail","hentry","category-actualidad"],"_links":{"self":[{"href":"https:\/\/larepublicanews.com.do\/live\/wp-json\/wp\/v2\/posts\/467","targetHints":{"allow":["GET"]}}],"collection":[{"href":"https:\/\/larepublicanews.com.do\/live\/wp-json\/wp\/v2\/posts"}],"about":[{"href":"https:\/\/larepublicanews.com.do\/live\/wp-json\/wp\/v2\/types\/post"}],"author":[{"embeddable":true,"href":"https:\/\/larepublicanews.com.do\/live\/wp-json\/wp\/v2\/users\/3"}],"replies":[{"embeddable":true,"href":"https:\/\/larepublicanews.com.do\/live\/wp-json\/wp\/v2\/comments?post=467"}],"version-history":[{"count":0,"href":"https:\/\/larepublicanews.com.do\/live\/wp-json\/wp\/v2\/posts\/467\/revisions"}],"wp:featuredmedia":[{"embeddable":true,"href":"https:\/\/larepublicanews.com.do\/live\/wp-json\/wp\/v2\/media\/468"}],"wp:attachment":[{"href":"https:\/\/larepublicanews.com.do\/live\/wp-json\/wp\/v2\/media?parent=467"}],"wp:term":[{"taxonomy":"category","embeddable":true,"href":"https:\/\/larepublicanews.com.do\/live\/wp-json\/wp\/v2\/categories?post=467"},{"taxonomy":"post_tag","embeddable":true,"href":"https:\/\/larepublicanews.com.do\/live\/wp-json\/wp\/v2\/tags?post=467"}],"curies":[{"name":"wp","href":"https:\/\/api.w.org\/{rel}","templated":true}]}}