{"id":414,"date":"2019-03-11T19:31:26","date_gmt":"2019-03-11T19:31:26","guid":{"rendered":"http:\/\/diario24news.com\/hoy\/?p=414"},"modified":"2019-03-11T19:31:26","modified_gmt":"2019-03-11T19:31:26","slug":"rinden-homenaje-a-la-carrera-artistica-de-casandra-damiron","status":"publish","type":"post","link":"https:\/\/larepublicanews.com.do\/live\/rinden-homenaje-a-la-carrera-artistica-de-casandra-damiron\/","title":{"rendered":"Rinden homenaje a la carrera art\u00edstica de Casandra Damiron"},"content":{"rendered":"<p>El alcalde Abel Mart\u00ednez, ponder\u00f3 la carrera art\u00edstica de Casandra Damir\u00f3n, de quien dijo es un ejemplo de transparencia y \u00e9xitos, la cual puso la dominicanidad en alto en todos los escenarios donde le toc\u00f3 exponer su arte, recibiendo el respeto y la admiraci\u00f3n de todos.<\/p>\n<p>\u201cPodemos decir que hoy es un d\u00eda patri\u00f3tico, un d\u00eda que coloca a nuestra ciudad de Santiago al m\u00e1s alto nivel de la cultura, al honrar a una dominicana de la grandeza de Casandra Damir\u00f3n y quiero agradecer a los familiares, a sus hijos, por hacernos parte de la celebraci\u00f3n de este centenario del nacimiento de do\u00f1a Casandra\u201d, sexpres\u00f3 el alcalde Abel Mart\u00ednez.<\/p>\n<p>Casandra Altagracia Damir\u00f3n Santana, naci\u00f3 en la ciudad sure\u00f1a de\u00a0 Barahona, el 12 de marzo de 1919 y que con apenas seis a\u00f1os de edad ya cantaba y a los once incursion\u00f3 en el coro de ni\u00f1as de su pueblo natal y fue seleccionada como solista.<\/p>\n<p>Su carrera profesional inicia en la legendaria Voz del Yuna, donde se destaca como cancionera y bautizada como, \u201cLa Soberana de la Canci\u00f3n\u201d, nombre que utiliz\u00f3 en grandes escenarios de toda el \u00e1rea del Caribe, en los que llev\u00f3 su innato\u00a0 talento y su recia y cautivante personalidad.<\/p>\n<p>Se considera tambi\u00e9n que en el a\u00f1o 1955, Casandra Damir\u00f3n, cre\u00f3 el \u201cCuerpo de Bailes Folkl\u00f3ricos Estilizados, m\u00e1xima y autentica representaci\u00f3n nacional en eventos y escenarios de ultramar, llevando nuestra identidad, lo que\u00a0 tambi\u00e9n la inspir\u00f3\u00a0 a crear el traje t\u00edpico dominicano, que en la actualidad es utilizado por los grupos folkl\u00f3ricos y nuestras representantes de la belleza a nivel mundial.<\/p>\n<p>En el a\u00f1o 1970, Casandra crea el programa de televisi\u00f3n, \u201cAqu\u00ed Nosotros\u201d, que domingo tras domingo se convert\u00eda en un\u00a0 espacio para difundir nuestro folklor y orientaci\u00f3n para la ense\u00f1anza del baile y m\u00e1s tarde funda la \u201cEscuela de Bailes Folkl\u00f3ricos Juan Francisco Garc\u00eda, en el Palacio de Bellas Artes, all\u00ed agot\u00f3 grandes jornadas de ense\u00f1anza.<\/p>\n<p>&nbsp;<\/p>\n<p><em>Fuente:\u00a0<strong>Listin Diario<\/strong><\/em><\/p>\n","protected":false},"excerpt":{"rendered":"<p>El alcalde Abel Mart\u00ednez, ponder\u00f3 la carrera art\u00edstica de Casandra Damir\u00f3n, de quien dijo es un ejemplo de transparencia y \u00e9xitos, la cual puso la dominicanidad en alto en todos los escenarios donde le toc\u00f3 exponer su arte, recibiendo el respeto y la admiraci\u00f3n de todos. \u201cPodemos decir que hoy es un d\u00eda patri\u00f3tico, un d\u00eda que coloca a nuestra ciudad de Santiago al m\u00e1s alto nivel de la cultura, al honrar a una dominicana de la grandeza de Casandra Damir\u00f3n y quiero agradecer a los familiares, a sus hijos,&hellip;<\/p>\n","protected":false},"author":3,"featured_media":418,"comment_status":"open","ping_status":"open","sticky":false,"template":"","format":"standard","meta":{"rop_custom_images_group":[],"rop_custom_messages_group":[],"rop_publish_now":"initial","rop_publish_now_accounts":[],"rop_publish_now_history":[],"rop_publish_now_status":"pending","footnotes":""},"categories":[4,5],"tags":[],"class_list":["post-414","post","type-post","status-publish","format-standard","has-post-thumbnail","hentry","category-science","category-cultura"],"_links":{"self":[{"href":"https:\/\/larepublicanews.com.do\/live\/wp-json\/wp\/v2\/posts\/414","targetHints":{"allow":["GET"]}}],"collection":[{"href":"https:\/\/larepublicanews.com.do\/live\/wp-json\/wp\/v2\/posts"}],"about":[{"href":"https:\/\/larepublicanews.com.do\/live\/wp-json\/wp\/v2\/types\/post"}],"author":[{"embeddable":true,"href":"https:\/\/larepublicanews.com.do\/live\/wp-json\/wp\/v2\/users\/3"}],"replies":[{"embeddable":true,"href":"https:\/\/larepublicanews.com.do\/live\/wp-json\/wp\/v2\/comments?post=414"}],"version-history":[{"count":0,"href":"https:\/\/larepublicanews.com.do\/live\/wp-json\/wp\/v2\/posts\/414\/revisions"}],"wp:featuredmedia":[{"embeddable":true,"href":"https:\/\/larepublicanews.com.do\/live\/wp-json\/wp\/v2\/media\/418"}],"wp:attachment":[{"href":"https:\/\/larepublicanews.com.do\/live\/wp-json\/wp\/v2\/media?parent=414"}],"wp:term":[{"taxonomy":"category","embeddable":true,"href":"https:\/\/larepublicanews.com.do\/live\/wp-json\/wp\/v2\/categories?post=414"},{"taxonomy":"post_tag","embeddable":true,"href":"https:\/\/larepublicanews.com.do\/live\/wp-json\/wp\/v2\/tags?post=414"}],"curies":[{"name":"wp","href":"https:\/\/api.w.org\/{rel}","templated":true}]}}