{"id":404,"date":"2019-03-08T05:23:46","date_gmt":"2019-03-08T05:23:46","guid":{"rendered":"http:\/\/diario24news.com\/hoy\/?p=404"},"modified":"2019-03-08T05:23:46","modified_gmt":"2019-03-08T05:23:46","slug":"otra-jueza-renuncia-a-ser-evaluada-por-el-cnm-por-inconformidad-con-el-proceso","status":"publish","type":"post","link":"https:\/\/larepublicanews.com.do\/live\/otra-jueza-renuncia-a-ser-evaluada-por-el-cnm-por-inconformidad-con-el-proceso\/","title":{"rendered":"Otra jueza renuncia a ser evaluada por el CNM por inconformidad con el proceso"},"content":{"rendered":"\n<p>\u00a0La jueza Frinette de los Milagros Padilla Jim\u00e9nez declin\u00f3 este jueves ser evaluada por el Consejo Nacional de la Magistratura (CNM) para ocupar una vacante en la Suprema Corte de Justicia (SCJ), alegando \u201crazones de \u00edndoles constitucional y legal en el desarrollo del proceso que hasta ahora hemos observado\u201d.<\/p>\n\n\n\n<p>Con el retiro de Padilla Jim\u00e9nez, suman dos las magistradas que han tomado la medida. La primera fue la jueza Katia Miguelina Jim\u00e9nez Mart\u00ednez, del Tribunal Constitucional, quien declin\u00f3 el martes de esta semana en protesta por el \u201ctrato humillante y vejatorio\u201d que recibi\u00f3 la magistrada Miriam Germ\u00e1n, presidenta de la Segunda Sala Penal de la SCJ, cuando fue evaluada por el CNM.<\/p>\n\n\n\n<p>La jueza Padilla Jim\u00e9nez inform\u00f3 su decisi\u00f3n en una carta dirigida al presidente de la Rep\u00fablica, Danilo Medina, en calidad de presidente del Consejo Nacional de la Magistratura, y a los dem\u00e1s miembros del \u00f3rgano.<\/p>\n\n\n\n<p>\u201cPor medio de la presente tengo a bien informales que he decidido retirar mi candidatura para ser evaluada en el proceso de selecci\u00f3n de los jueces de la Suprema Corte de Justicia en el curso de este mes de marzo\u201d, dice en el texto.<\/p>\n\n\n\n<p>Su candidatura fue propuesta el 28 de febrero de este a\u00f1o por la Fundaci\u00f3n Ciencia y Justicia Juan Pablo Duarte, entidad a la que agradeci\u00f3, \u201cpor la distinci\u00f3n de haberme propuesto, y por los m\u00e9ritos que en su misiva hacen sobre mi persona\u201d.<\/p>\n\n\n\n<p><em>Fuente: <\/em><strong>Diario Libre<\/strong><\/p>\n","protected":false},"excerpt":{"rendered":"<p>\u00a0La jueza Frinette de los Milagros Padilla Jim\u00e9nez declin\u00f3 este jueves ser evaluada por el Consejo Nacional de la Magistratura (CNM) para ocupar una vacante en la Suprema Corte de Justicia (SCJ), alegando \u201crazones de \u00edndoles constitucional y legal en el desarrollo del proceso que hasta ahora hemos observado\u201d. Con el retiro de Padilla Jim\u00e9nez, suman dos las magistradas que han tomado la medida. La primera fue la jueza Katia Miguelina Jim\u00e9nez Mart\u00ednez, del Tribunal Constitucional, quien declin\u00f3 el martes de esta semana en protesta por el \u201ctrato humillante y&hellip;<\/p>\n","protected":false},"author":3,"featured_media":405,"comment_status":"open","ping_status":"open","sticky":false,"template":"","format":"standard","meta":{"rop_custom_images_group":[],"rop_custom_messages_group":[],"rop_publish_now":"initial","rop_publish_now_accounts":[],"rop_publish_now_history":[],"rop_publish_now_status":"pending","footnotes":""},"categories":[24,29],"tags":[],"class_list":["post-404","post","type-post","status-publish","format-standard","has-post-thumbnail","hentry","category-politica","category-sociedad"],"_links":{"self":[{"href":"https:\/\/larepublicanews.com.do\/live\/wp-json\/wp\/v2\/posts\/404","targetHints":{"allow":["GET"]}}],"collection":[{"href":"https:\/\/larepublicanews.com.do\/live\/wp-json\/wp\/v2\/posts"}],"about":[{"href":"https:\/\/larepublicanews.com.do\/live\/wp-json\/wp\/v2\/types\/post"}],"author":[{"embeddable":true,"href":"https:\/\/larepublicanews.com.do\/live\/wp-json\/wp\/v2\/users\/3"}],"replies":[{"embeddable":true,"href":"https:\/\/larepublicanews.com.do\/live\/wp-json\/wp\/v2\/comments?post=404"}],"version-history":[{"count":0,"href":"https:\/\/larepublicanews.com.do\/live\/wp-json\/wp\/v2\/posts\/404\/revisions"}],"wp:featuredmedia":[{"embeddable":true,"href":"https:\/\/larepublicanews.com.do\/live\/wp-json\/wp\/v2\/media\/405"}],"wp:attachment":[{"href":"https:\/\/larepublicanews.com.do\/live\/wp-json\/wp\/v2\/media?parent=404"}],"wp:term":[{"taxonomy":"category","embeddable":true,"href":"https:\/\/larepublicanews.com.do\/live\/wp-json\/wp\/v2\/categories?post=404"},{"taxonomy":"post_tag","embeddable":true,"href":"https:\/\/larepublicanews.com.do\/live\/wp-json\/wp\/v2\/tags?post=404"}],"curies":[{"name":"wp","href":"https:\/\/api.w.org\/{rel}","templated":true}]}}