{"id":387,"date":"2019-03-06T19:12:15","date_gmt":"2019-03-06T19:12:15","guid":{"rendered":"http:\/\/diario24news.com\/hoy\/?p=387"},"modified":"2019-03-06T19:12:15","modified_gmt":"2019-03-06T19:12:15","slug":"leonel-fernandez-pone-a-circular-libro-ideas-en-conflicto-dialogo-postumo-entre-juan-bosch-y-john-bartlow-martin","status":"publish","type":"post","link":"https:\/\/larepublicanews.com.do\/live\/leonel-fernandez-pone-a-circular-libro-ideas-en-conflicto-dialogo-postumo-entre-juan-bosch-y-john-bartlow-martin\/","title":{"rendered":"Leonel Fern\u00e1ndez pone a circular libro \u00abideas en conflicto: Di\u00e1logo p\u00f3stumo entre Juan Bosch y John Bartlow Martin\u201d"},"content":{"rendered":"<p>El expresidente de la Rep\u00fablica, doctor Leonel Fern\u00e1ndez, puso en circulaci\u00f3n este martes su m\u00e1s reciente obra literaria, titulada \u201cIdeas en conflicto: di\u00e1logo p\u00f3stumo entre Juan Bosch y John Bartlow Martin\u201d, libro que considera clave para comprender las relaciones entre Estados Unidos y la Rep\u00fablica Dominicana.<br \/>\n<span id=\"more-4409\"><\/span><\/p>\n<p>El acto cultural, que se llev\u00f3 a cabo en el Sal\u00f3n La Fiesta, del Hotel Jaragua, se centr\u00f3 en un interesante conversatorio de Fern\u00e1ndez con los destacados periodistas Miguel Franjul y Osvaldo Santana, directores de los peri\u00f3dicos List\u00edn Diario y El Caribe, respectivamente. El auditorio estuvo colmado de intelectuales, diplom\u00e1ticos, empresarios y dirigentes del Partido de la Liberaci\u00f3n Dominicana (PLD), organizaci\u00f3n de la que Fern\u00e1ndez es presidente.<\/p>\n<p>En su intervenci\u00f3n, el director del peri\u00f3dico El Caribe rememor\u00f3 el contexto hist\u00f3rico en que se enmarc\u00f3 el enfrentamiento entre Bosch y el diplom\u00e1tico estadounidense, y recomend\u00f3 la lectura del libro, el cual considera \u201cun eje fundamental para proyectar el provenir de la Rep\u00fablica Dominicana\u201d.<\/p>\n<p>De su lado, el director del List\u00edn Diario defini\u00f3 la obra como \u201cuna verdadera joya literaria\u201d, en la que \u2013dijo- el expresidente Fern\u00e1ndez logr\u00f3 colocar cada pieza hist\u00f3rica para poner a dialogar a Bosch y a Martin. \u201cColoc\u00f3 magistralmente en una balanza los juicios de ambos\u201d, destac\u00f3 Franjul.<\/p>\n<p>Fern\u00e1ndez explica que para escenificar la conversaci\u00f3n entre Bosch y Martin recurri\u00f3 a s\u00edmbolos y figuras de la mitolog\u00eda griega, entre ellas Cl\u00edo, la musa de la historia. \u201cYa que recurr\u00ed a figuras de la mitolog\u00eda griega, tambi\u00e9n quise seguir la tradici\u00f3n de la Grecia cl\u00e1sica al imitar el estilo del primer canto de la Il\u00edada\u201d, se\u00f1ala.<\/p>\n<p>De igual manera, explica que escribi\u00f3 el \u201cdi\u00e1logo p\u00f3stumo\u201d entre el derrocado presidente dominicano y el diplom\u00e1tico estadounidense con la intenci\u00f3n de dar a conocer c\u00f3mo transcurrieron los hechos que generaron en Juan Bosch un sentimiento de traici\u00f3n de parte del embajador.<\/p>\n<p>Entre otros intelectuales que asistieron a la puesta en circulaci\u00f3n del libro de Fern\u00e1ndez figuran Frank Moya Pons, Bernardo Vega, Marino Vinicio Castillo, Tony Raful, Amadeo Juli\u00e1n, Euclides Guti\u00e9rrez F\u00e9lix, Leonte Brea y Jos\u00e9 Rafael Lantigua, cuyos comentarios constituyeron una parte muy emotiva del acto.<\/p>\n<p>En el acto, organizado por la Fundaci\u00f3n Global Democracia y Desarrollo (Funglode) y la Editorial Funglode, el ex mandatario estuvo acompa\u00f1ado de su esposa, la vicepresidenta de la Rep\u00fablica Margarita Cede\u00f1o de Fern\u00e1ndez, as\u00ed como de sus hijos Omar y Yolanda Am\u00e9rica.<\/p>\n<p>La obra se divide en 14 cantos, en tanto que una galer\u00eda de fotograf\u00edas constituye la parte ilustrada, junto a las im\u00e1genes de las anotaciones que hizo Bosch sobre p\u00e1ginas del libro \u201cOvertaken by Events\u201d, de John Bartlow Martin. Una de las fotograf\u00edas muestra a Bosch dedic\u00e1ndole un libro a Martin.<\/p>\n<p><em>Fuente:\u00a0<\/em><strong>LeonelFernandez<\/strong><\/p>\n","protected":false},"excerpt":{"rendered":"<p>El expresidente de la Rep\u00fablica, doctor Leonel Fern\u00e1ndez, puso en circulaci\u00f3n este martes su m\u00e1s reciente obra literaria, titulada \u201cIdeas en conflicto: di\u00e1logo p\u00f3stumo entre Juan Bosch y John Bartlow Martin\u201d, libro que considera clave para comprender las relaciones entre Estados Unidos y la Rep\u00fablica Dominicana. El acto cultural, que se llev\u00f3 a cabo en el Sal\u00f3n La Fiesta, del Hotel Jaragua, se centr\u00f3 en un interesante conversatorio de Fern\u00e1ndez con los destacados periodistas Miguel Franjul y Osvaldo Santana, directores de los peri\u00f3dicos List\u00edn Diario y El Caribe, respectivamente. El&hellip;<\/p>\n","protected":false},"author":3,"featured_media":388,"comment_status":"open","ping_status":"open","sticky":false,"template":"","format":"standard","meta":{"rop_custom_images_group":[],"rop_custom_messages_group":[],"rop_publish_now":"initial","rop_publish_now_accounts":[],"rop_publish_now_history":[],"rop_publish_now_status":"pending","footnotes":""},"categories":[31],"tags":[],"class_list":["post-387","post","type-post","status-publish","format-standard","has-post-thumbnail","hentry","category-tendencia"],"_links":{"self":[{"href":"https:\/\/larepublicanews.com.do\/live\/wp-json\/wp\/v2\/posts\/387","targetHints":{"allow":["GET"]}}],"collection":[{"href":"https:\/\/larepublicanews.com.do\/live\/wp-json\/wp\/v2\/posts"}],"about":[{"href":"https:\/\/larepublicanews.com.do\/live\/wp-json\/wp\/v2\/types\/post"}],"author":[{"embeddable":true,"href":"https:\/\/larepublicanews.com.do\/live\/wp-json\/wp\/v2\/users\/3"}],"replies":[{"embeddable":true,"href":"https:\/\/larepublicanews.com.do\/live\/wp-json\/wp\/v2\/comments?post=387"}],"version-history":[{"count":0,"href":"https:\/\/larepublicanews.com.do\/live\/wp-json\/wp\/v2\/posts\/387\/revisions"}],"wp:featuredmedia":[{"embeddable":true,"href":"https:\/\/larepublicanews.com.do\/live\/wp-json\/wp\/v2\/media\/388"}],"wp:attachment":[{"href":"https:\/\/larepublicanews.com.do\/live\/wp-json\/wp\/v2\/media?parent=387"}],"wp:term":[{"taxonomy":"category","embeddable":true,"href":"https:\/\/larepublicanews.com.do\/live\/wp-json\/wp\/v2\/categories?post=387"},{"taxonomy":"post_tag","embeddable":true,"href":"https:\/\/larepublicanews.com.do\/live\/wp-json\/wp\/v2\/tags?post=387"}],"curies":[{"name":"wp","href":"https:\/\/api.w.org\/{rel}","templated":true}]}}