{"id":382,"date":"2019-03-06T18:53:28","date_gmt":"2019-03-06T18:53:28","guid":{"rendered":"http:\/\/diario24news.com\/hoy\/?p=382"},"modified":"2019-03-06T18:53:28","modified_gmt":"2019-03-06T18:53:28","slug":"muerte-de-reses-deja-perdidas-de-mas-de-rd47-6-mm-en-la-linea-noroeste","status":"publish","type":"post","link":"https:\/\/larepublicanews.com.do\/live\/muerte-de-reses-deja-perdidas-de-mas-de-rd47-6-mm-en-la-linea-noroeste\/","title":{"rendered":"Muerte de reses deja p\u00e9rdidas de m\u00e1s de RD$47.6 MM en la L\u00ednea Noroeste"},"content":{"rendered":"<p><em>Por:\u00a0<\/em><strong>Mar\u00eda del Carmen Guill\u00e9n<\/strong><\/p>\n<p>La sequ\u00eda, que desde hace varios meses afecta a las provincias de la L\u00ednea Noroeste, ya ha provocado p\u00e9rdidas de al menos RD$47.6 millones a los ganaderos, quienes ven morir sus reses por escasez de agua.<\/p>\n<p>El monto de las p\u00e9rdidas lo ofreci\u00f3 el ministro de Agricultura, Osmar Ben\u00edtez, quien inform\u00f3 que el Gobierno dominicano destina m\u00e1s de RD$100 millones para paliar la situaci\u00f3n.<\/p>\n<p>Ben\u00edtez indic\u00f3, durante una rueda de prensa, que de dos millones de cabezas de ganado, han muerto 1,190, las cu\u00e1les tienen un costo de RD$40,000 cada una.<\/p>\n<p>Indic\u00f3 que las provincias m\u00e1s afectadas por la prolongada sequ\u00eda que afecta al pa\u00eds e impacta el sector ganadero y agr\u00edcola son Dajab\u00f3n, Montecristi y Santiago Rodr\u00edguez.<\/p>\n<p>Seg\u00fan el funcionario, cada vaca produc\u00eda aproximadamente cinco litros de leche por d\u00eda que se vend\u00eda a RD$20. Calcul\u00f3 que la producci\u00f3n de leche disminuy\u00f3 en m\u00e1s de un 50%.<\/p>\n<p>Dijo que para ayudar a los ganadores, Agricultura env\u00eda en forma peri\u00f3dica 10 patanas de ca\u00f1as, 12 camiones de agua, 10 quintales de arroz, entre otros alimentos para abastecer los hogares de los ganaderos.<\/p>\n<p>Ponder\u00f3 que desde febrero hasta la fecha han distribuido 600 camiones de agua, al tiempo que les hace un llamado a los propietarios de camiones cisterna para alquilarlos y as\u00ed reforzar la cantidad de veh\u00edculos que a diario trasladan a las provincias afectadas.<\/p>\n<p>En cuanto al cultivo agr\u00edcola, Ben\u00edtez explic\u00f3 que la zona m\u00e1s afectada por la falta de agua es Montecristi.<\/p>\n<p><em>Fuente: <\/em><strong>ElDinero<\/strong><\/p>\n","protected":false},"excerpt":{"rendered":"<p>Por:\u00a0Mar\u00eda del Carmen Guill\u00e9n La sequ\u00eda, que desde hace varios meses afecta a las provincias de la L\u00ednea Noroeste, ya ha provocado p\u00e9rdidas de al menos RD$47.6 millones a los ganaderos, quienes ven morir sus reses por escasez de agua. El monto de las p\u00e9rdidas lo ofreci\u00f3 el ministro de Agricultura, Osmar Ben\u00edtez, quien inform\u00f3 que el Gobierno dominicano destina m\u00e1s de RD$100 millones para paliar la situaci\u00f3n. Ben\u00edtez indic\u00f3, durante una rueda de prensa, que de dos millones de cabezas de ganado, han muerto 1,190, las cu\u00e1les tienen un&hellip;<\/p>\n","protected":false},"author":3,"featured_media":383,"comment_status":"open","ping_status":"open","sticky":false,"template":"","format":"standard","meta":{"rop_custom_images_group":[],"rop_custom_messages_group":[],"rop_publish_now":"initial","rop_publish_now_accounts":[],"rop_publish_now_history":[],"rop_publish_now_status":"pending","footnotes":""},"categories":[5,10],"tags":[],"class_list":["post-382","post","type-post","status-publish","format-standard","has-post-thumbnail","hentry","category-cultura","category-economia"],"_links":{"self":[{"href":"https:\/\/larepublicanews.com.do\/live\/wp-json\/wp\/v2\/posts\/382","targetHints":{"allow":["GET"]}}],"collection":[{"href":"https:\/\/larepublicanews.com.do\/live\/wp-json\/wp\/v2\/posts"}],"about":[{"href":"https:\/\/larepublicanews.com.do\/live\/wp-json\/wp\/v2\/types\/post"}],"author":[{"embeddable":true,"href":"https:\/\/larepublicanews.com.do\/live\/wp-json\/wp\/v2\/users\/3"}],"replies":[{"embeddable":true,"href":"https:\/\/larepublicanews.com.do\/live\/wp-json\/wp\/v2\/comments?post=382"}],"version-history":[{"count":0,"href":"https:\/\/larepublicanews.com.do\/live\/wp-json\/wp\/v2\/posts\/382\/revisions"}],"wp:featuredmedia":[{"embeddable":true,"href":"https:\/\/larepublicanews.com.do\/live\/wp-json\/wp\/v2\/media\/383"}],"wp:attachment":[{"href":"https:\/\/larepublicanews.com.do\/live\/wp-json\/wp\/v2\/media?parent=382"}],"wp:term":[{"taxonomy":"category","embeddable":true,"href":"https:\/\/larepublicanews.com.do\/live\/wp-json\/wp\/v2\/categories?post=382"},{"taxonomy":"post_tag","embeddable":true,"href":"https:\/\/larepublicanews.com.do\/live\/wp-json\/wp\/v2\/tags?post=382"}],"curies":[{"name":"wp","href":"https:\/\/api.w.org\/{rel}","templated":true}]}}