{"id":366,"date":"2019-03-05T18:34:20","date_gmt":"2019-03-05T18:34:20","guid":{"rendered":"http:\/\/diario24news.com\/hoy\/?p=366"},"modified":"2019-03-05T18:34:20","modified_gmt":"2019-03-05T18:34:20","slug":"magistrada-katia-jimenez-retira-aspiraciones-a-la-suprema-por-trato-irrespetuoso-contra-german-brito","status":"publish","type":"post","link":"https:\/\/larepublicanews.com.do\/live\/magistrada-katia-jimenez-retira-aspiraciones-a-la-suprema-por-trato-irrespetuoso-contra-german-brito\/","title":{"rendered":"Magistrada Katia Jim\u00e9nez retira aspiraciones a la Suprema por trato irrespetuoso contra Germ\u00e1n Brito"},"content":{"rendered":"<p>La magistrada Katia Miguelina Jim\u00e9nez retir\u00f3 sus aspiraciones a integrar la Suprema Corte de Justicia por el trato \u201cirrespetuoso, vejatorio y humillante\u201d que asegura recibi\u00f3 la jueza Miriam Germ\u00e1n Brito en su evaluaci\u00f3n de desempe\u00f1o en la Suprema Corte de Justicia.<\/p>\n<p>La magistrada remiti\u00f3 una carta esta ma\u00f1ana al Consejo de la Magistratura, donde indica que en un esceneario como ese debi\u00f3 primar el debido proceso\u00a0 de cara al reglamento 1-19 para la evaluaci\u00f3n del desempe\u00f1o de los jueces de la Suprema Corte de Justicia.<\/p>\n<p>Katia Miguelina Jim\u00e9nez es actual jueza del Tribunal Constitucional de la Rep\u00fablica.<\/p>\n<p>Jim\u00e9nez indica que ese mismo reglamento se\u00f1ala el modo en que cualquier interesado podr\u00eda hacer sus objeciones a la confirmaci\u00f3n de alguno de los jueces evaluados, incluso con el establecimiento de plazos para que el magistrado objetado pueda contestar \u201clas objeciones antes de la entrevista p\u00fablica\u201d.<\/p>\n<p>El Procurador General de la Rep\u00fablica, Jean Alain Rodr\u00edguez, present\u00f3 ayer tres comunicaciones que objetaban la permanencia en el puesto de la jueza Germ\u00e1n Brito. Dos de esas comunicaciones fueron an\u00f3nimas y hac\u00edan alusi\u00f3n a supuestos encuentros de la magistrada con V\u00edctor D\u00edaz R\u00faa y alguno de sus abogados.<\/p>\n<p>Esos se\u00f1alamientos, firmados por \u201cciudadanos interesados en el devenir de la justicia\u201d, inclu\u00edan fotograf\u00edas y videos, con un seguimiento pormenorizado de horas y veh\u00edculos en los que se movi\u00f3.<\/p>\n","protected":false},"excerpt":{"rendered":"<p>La magistrada Katia Miguelina Jim\u00e9nez retir\u00f3 sus aspiraciones a integrar la Suprema Corte de Justicia por el trato \u201cirrespetuoso, vejatorio y humillante\u201d que asegura recibi\u00f3 la jueza Miriam Germ\u00e1n Brito en su evaluaci\u00f3n de desempe\u00f1o en la Suprema Corte de Justicia. La magistrada remiti\u00f3 una carta esta ma\u00f1ana al Consejo de la Magistratura, donde indica que en un esceneario como ese debi\u00f3 primar el debido proceso\u00a0 de cara al reglamento 1-19 para la evaluaci\u00f3n del desempe\u00f1o de los jueces de la Suprema Corte de Justicia. Katia Miguelina Jim\u00e9nez es actual&hellip;<\/p>\n","protected":false},"author":3,"featured_media":367,"comment_status":"open","ping_status":"open","sticky":false,"template":"","format":"standard","meta":{"rop_custom_images_group":[],"rop_custom_messages_group":[],"rop_publish_now":"initial","rop_publish_now_accounts":[],"rop_publish_now_history":[],"rop_publish_now_status":"pending","footnotes":""},"categories":[24,29],"tags":[],"class_list":["post-366","post","type-post","status-publish","format-standard","has-post-thumbnail","hentry","category-politica","category-sociedad"],"_links":{"self":[{"href":"https:\/\/larepublicanews.com.do\/live\/wp-json\/wp\/v2\/posts\/366","targetHints":{"allow":["GET"]}}],"collection":[{"href":"https:\/\/larepublicanews.com.do\/live\/wp-json\/wp\/v2\/posts"}],"about":[{"href":"https:\/\/larepublicanews.com.do\/live\/wp-json\/wp\/v2\/types\/post"}],"author":[{"embeddable":true,"href":"https:\/\/larepublicanews.com.do\/live\/wp-json\/wp\/v2\/users\/3"}],"replies":[{"embeddable":true,"href":"https:\/\/larepublicanews.com.do\/live\/wp-json\/wp\/v2\/comments?post=366"}],"version-history":[{"count":0,"href":"https:\/\/larepublicanews.com.do\/live\/wp-json\/wp\/v2\/posts\/366\/revisions"}],"wp:featuredmedia":[{"embeddable":true,"href":"https:\/\/larepublicanews.com.do\/live\/wp-json\/wp\/v2\/media\/367"}],"wp:attachment":[{"href":"https:\/\/larepublicanews.com.do\/live\/wp-json\/wp\/v2\/media?parent=366"}],"wp:term":[{"taxonomy":"category","embeddable":true,"href":"https:\/\/larepublicanews.com.do\/live\/wp-json\/wp\/v2\/categories?post=366"},{"taxonomy":"post_tag","embeddable":true,"href":"https:\/\/larepublicanews.com.do\/live\/wp-json\/wp\/v2\/tags?post=366"}],"curies":[{"name":"wp","href":"https:\/\/api.w.org\/{rel}","templated":true}]}}