{"id":350,"date":"2019-03-05T03:31:59","date_gmt":"2019-03-05T03:31:59","guid":{"rendered":"http:\/\/diario24news.com\/hoy\/?p=350"},"modified":"2019-03-05T03:31:59","modified_gmt":"2019-03-05T03:31:59","slug":"comite-politico-se-reune-hoy-luego-de-5-meses-inactivo","status":"publish","type":"post","link":"https:\/\/larepublicanews.com.do\/live\/comite-politico-se-reune-hoy-luego-de-5-meses-inactivo\/","title":{"rendered":"Comit\u00e9 Pol\u00edtico se re\u00fane hoy luego de 5 meses inactivo"},"content":{"rendered":"<p>&nbsp;<\/p>\n<p><em>Por:<\/em> <strong>Yanessi Espinal<\/strong><\/p>\n<p>El Comit\u00e9 Pol\u00edtico del Partido de la Liberaci\u00f3n Dominicana (PLD) sesionar\u00e1 hoy luego de cinco meses sin reunirse a pesar de la presi\u00f3n interna para que se haga un encuentro por la diversidad de temas que tiene en agenda.<\/p>\n<p>La \u00faltima vez que la c\u00fapula del partido oficial se reuni\u00f3 fue el primero de octubre del 2018 para convocar al Comit\u00e9 Central el 27 de ese mes y en cuya reuni\u00f3n se decidi\u00f3 por primarias abiertas, en un hecho que estuvo precedido por fuertes diferencias entre leonelistas y danilistas, pero que finalmente se resolvi\u00f3 con un acuerdo entre los dos l\u00edderes pelede\u00edstas.<\/p>\n<p>Francisco Dom\u00ednguez Brito, aspirante a la candidatura presidencial, pidi\u00f3 formalmente mediante una comunicaci\u00f3n la reuni\u00f3n de la c\u00fapula para definir los temas relativos a las primarias y la aplicaci\u00f3n del reglamento de la Ley 33-18 sobre Partidos Pol\u00edticos.<\/p>\n<p>Tambi\u00e9n habian solicitado una reuni\u00f3n Carlos Amarante Baret y Tem\u00edstocles Mont\u00e1s. El encuentro se efectuar\u00e1 luego de varias situaciones que afectan la unidad de la organizaci\u00f3n como la denuncia del equipo de campa\u00f1a de Leonel Fern\u00e1ndez de que \u201csectores enquistados\u201d en el gobierno estar\u00edan tramando una campa\u00f1a sucia contra el expresidente.<\/p>\n<p>A pocos d\u00edas de la denuncia, un video difundido en las redes sociales revivi\u00f3 la acusaci\u00f3n del exconvicto por narcotr\u00e1fico Quirino Ernesto Paulino Castillo.<\/p>\n<p>El encuentro tambi\u00e9n tendr\u00e1 lugar luego de que varios miembros del equipo de Fern\u00e1ndez fueran dejados fuera del tren gubernamental por el presidente Danilo Medina, como el caso de Franklin Almeyda, miembro del organismo directivo, quien era ministro sin cartera y fue sustituido por Roberto Salcedo.<\/p>\n<p>Otra variable que caracteriza el encuentro de hoy del CP del PLD, es el discurso de rendici\u00f3n de cuentas del presidente Medina el pasado 27 de febrero que ha sido interpretado por algunos como favorable para buscar otra modificaci\u00f3n a la Constituci\u00f3n para reelegirse.<\/p>\n<p>El partido morado habr\u00eda convocado una reuni\u00f3n para principio del pasado mes, pero las diferencias sobre las razones fueron aireadas p\u00fablicamente entre Reinaldo Pared P\u00e9rez y Leonel Fern\u00e1ndez.<\/p>\n<p>Podr\u00edan tratar la agenda de las primarias<\/p>\n<p>La reuni\u00f3n est\u00e1 pautada para las 7:00 de la noche en la Casa Presidencial del PLD. Seg\u00fan un comunicado del PLD, hay \u201cintenciones de una gran parte de los miembros de ese organismo de que se traten los aspectos concernientes a la organizaci\u00f3n del proceso electoral interno con miras a los plazos contemplados en la Ley de Partidos, que ha fijado para el seis de octubre las celebraci\u00f3n de las primarias en los partidos, para lo cual se debe ir trabajando\u201d.<\/p>\n<p>&nbsp;<\/p>\n<p><em>Fuente:<\/em> <strong>RD visi\u00f3n noticiosa<\/strong><\/p>\n","protected":false},"excerpt":{"rendered":"<p>&nbsp; Por: Yanessi Espinal El Comit\u00e9 Pol\u00edtico del Partido de la Liberaci\u00f3n Dominicana (PLD) sesionar\u00e1 hoy luego de cinco meses sin reunirse a pesar de la presi\u00f3n interna para que se haga un encuentro por la diversidad de temas que tiene en agenda. La \u00faltima vez que la c\u00fapula del partido oficial se reuni\u00f3 fue el primero de octubre del 2018 para convocar al Comit\u00e9 Central el 27 de ese mes y en cuya reuni\u00f3n se decidi\u00f3 por primarias abiertas, en un hecho que estuvo precedido por fuertes diferencias entre&hellip;<\/p>\n","protected":false},"author":3,"featured_media":351,"comment_status":"open","ping_status":"open","sticky":false,"template":"","format":"standard","meta":{"rop_custom_images_group":[],"rop_custom_messages_group":[],"rop_publish_now":"initial","rop_publish_now_accounts":[],"rop_publish_now_history":[],"rop_publish_now_status":"pending","footnotes":""},"categories":[24],"tags":[],"class_list":["post-350","post","type-post","status-publish","format-standard","has-post-thumbnail","hentry","category-politica"],"_links":{"self":[{"href":"https:\/\/larepublicanews.com.do\/live\/wp-json\/wp\/v2\/posts\/350","targetHints":{"allow":["GET"]}}],"collection":[{"href":"https:\/\/larepublicanews.com.do\/live\/wp-json\/wp\/v2\/posts"}],"about":[{"href":"https:\/\/larepublicanews.com.do\/live\/wp-json\/wp\/v2\/types\/post"}],"author":[{"embeddable":true,"href":"https:\/\/larepublicanews.com.do\/live\/wp-json\/wp\/v2\/users\/3"}],"replies":[{"embeddable":true,"href":"https:\/\/larepublicanews.com.do\/live\/wp-json\/wp\/v2\/comments?post=350"}],"version-history":[{"count":0,"href":"https:\/\/larepublicanews.com.do\/live\/wp-json\/wp\/v2\/posts\/350\/revisions"}],"wp:featuredmedia":[{"embeddable":true,"href":"https:\/\/larepublicanews.com.do\/live\/wp-json\/wp\/v2\/media\/351"}],"wp:attachment":[{"href":"https:\/\/larepublicanews.com.do\/live\/wp-json\/wp\/v2\/media?parent=350"}],"wp:term":[{"taxonomy":"category","embeddable":true,"href":"https:\/\/larepublicanews.com.do\/live\/wp-json\/wp\/v2\/categories?post=350"},{"taxonomy":"post_tag","embeddable":true,"href":"https:\/\/larepublicanews.com.do\/live\/wp-json\/wp\/v2\/tags?post=350"}],"curies":[{"name":"wp","href":"https:\/\/api.w.org\/{rel}","templated":true}]}}