{"id":346,"date":"2019-03-04T20:55:23","date_gmt":"2019-03-04T20:55:23","guid":{"rendered":"http:\/\/diario24news.com\/hoy\/?p=346"},"modified":"2019-03-04T20:55:23","modified_gmt":"2019-03-04T20:55:23","slug":"leonel-fernandez-dice-resultados-de-encuestas-y-apoyo-en-recorridos-indican-ganara-las-elecciones-2020","status":"publish","type":"post","link":"https:\/\/larepublicanews.com.do\/live\/leonel-fernandez-dice-resultados-de-encuestas-y-apoyo-en-recorridos-indican-ganara-las-elecciones-2020\/","title":{"rendered":"Leonel Fern\u00e1ndez dice resultados de encuestas y apoyo en recorridos indican ganar\u00e1 las elecciones 2020"},"content":{"rendered":"<p><a href=\"https:\/\/larepublicanews.com.do\/live\/wp-content\/uploads\/2019\/03\/sas.jpg\"><img loading=\"lazy\" decoding=\"async\" class=\"alignnone size-medium wp-image-347\" src=\"https:\/\/larepublicanews.com.do\/live\/wp-content\/uploads\/2019\/03\/sas-300x169.jpg\" alt=\"\" width=\"300\" height=\"169\" srcset=\"https:\/\/larepublicanews.com.do\/live\/wp-content\/uploads\/2019\/03\/sas-300x169.jpg 300w, https:\/\/larepublicanews.com.do\/live\/wp-content\/uploads\/2019\/03\/sas-1024x576.jpg 1024w, https:\/\/larepublicanews.com.do\/live\/wp-content\/uploads\/2019\/03\/sas-768x432.jpg 768w, https:\/\/larepublicanews.com.do\/live\/wp-content\/uploads\/2019\/03\/sas-500x281.jpg 500w, https:\/\/larepublicanews.com.do\/live\/wp-content\/uploads\/2019\/03\/sas.jpg 1280w\" sizes=\"auto, (max-width: 300px) 100vw, 300px\" \/><\/a><\/p>\n<p>El presidente del Partido de la Liberaci\u00f3n Dominicana, Leonel Fern\u00e1ndez, mostr\u00f3 este domingo su confianza de que ganar\u00e1 las primarias internas de esa organizaci\u00f3n y las elecciones nacionales en el a\u00f1o 2020.<\/p>\n<p>En una nota de prensa enviada a este medio, sostuvo que todas las encuestas que se han publicado hasta el momento, as\u00ed como la efervescencia y simpat\u00edas que levanta su propuesta en los recorridos que realiza, le motiva a confiar de que ser\u00e1 el pr\u00f3ximo candidato del PLD y presidente de la Rep\u00fablica.<\/p>\n<p>\u201cLos recorridos que realiz\u00f3 por los 158 municipios del pa\u00eds escuchando a los distintos sectores nacionales, me permiten conectar con las necesidades m\u00e1s perentorias que tiene la gente, de modo que en un pr\u00f3ximo programa de gobierno, tengo las prioridades identificadas por cada uno de los sectores representativos de la sociedad\u201d, refiri\u00f3 Fern\u00e1ndez.<\/p>\n<p>Al encabezar una multitudinaria manifestaci\u00f3n en el polideportivo bajo techo \u201cFernando Teruel\u201d de La Vega, dijo que en esos encuentros escucha con particular atenci\u00f3n a j\u00f3venes, mujeres, profesionales, empresarios, comerciantes y dem\u00e1s voces de la sociedad civil, dice la nota.<\/p>\n<p>Refiri\u00f3 que una pr\u00f3xima administraci\u00f3n suya tiene bien definidos los planes y programas que son prioritarios para la \u201col\u00edmpica y culta ciudad de La Vega\u201d.<\/p>\n<p>Tras culminar una agenda de fin de semana que lo llev\u00f3 por las provincias de La Romana y La Vega, Fern\u00e1ndez se\u00f1al\u00f3 que su propuesta de un tren que inicie su recorrido en el puerto multimodal Caucedo para conectar con todo el Cibao hasta el muelle de La Cruz de Manzanillo, tendr\u00e1 un impacto en la dinamizaci\u00f3n de las actividades econ\u00f3micas de las provincias del Cibao.<\/p>\n<p>En sus mensaje a los miles de veganos congregados en el polideportivo de esa ciudad, el exmandatario subray\u00f3\u00a0que La Vega y Cruce de Controba\u00a0ser\u00e1n dos estaciones obligadas del tren de carga y pasajeros Juan Pablo Duarte, agrega la nota.<\/p>\n<p>El desarrollo del ecoturismo en Constanza y Jarabacoa, as\u00ed como el apoyo a nuevas instalaciones deportivas, incluida la Nueva Arena deportiva de La Vega, estar\u00e1n entre las prioridades de una pr\u00f3xima administraci\u00f3n pelede\u00edsta.<\/p>\n<p>Fern\u00e1ndez se refiri\u00f3 al d\u00e9ficit habitacional que afecta a todo el pa\u00eds que situ\u00f3 en 2 millones de viviendas, por lo que asegur\u00f3 que ejecutar\u00e1 un proyecto de protecci\u00f3n social en este sentido, dirigido a las familias m\u00e1s vulnerables de La Vega.<\/p>\n<p>A la concentraci\u00f3n asistieron dirigentes de los municipios La Vega, Constanza, Jarabacoa, Cutup\u00fa y Jima, entre otros.<\/p>\n<p>En la actividad participaron los directores general y operativo de Proyecto Leonel 2020, Radham\u00e9s Jim\u00e9nez y Bautista Rojas G\u00f3mez; la diputada y vicepresidenta de la C\u00e1mara de Diputados, Gilda Moronta; los enlaces y dirigentes regionales de su proyecto pol\u00edtico, Salvador Jim\u00e9nez, Alexis P\u00e9rez y Enrique Ram\u00edrez, as\u00ed como el presidente del comit\u00e9 municipal del PLD en La Vega, Alberto Reyes, Omar Fern\u00e1ndez, hijo del exmandatario, entre otros.<\/p>\n<p><em>Fuente:<\/em>\u00a0<strong>El Nuevo Diario<\/strong><\/p>\n","protected":false},"excerpt":{"rendered":"<p>El presidente del Partido de la Liberaci\u00f3n Dominicana, Leonel Fern\u00e1ndez, mostr\u00f3 este domingo su confianza de que ganar\u00e1 las primarias internas de esa organizaci\u00f3n y las elecciones nacionales en el a\u00f1o 2020. En una nota de prensa enviada a este medio, sostuvo que todas las encuestas que se han publicado hasta el momento, as\u00ed como la efervescencia y simpat\u00edas que levanta su propuesta en los recorridos que realiza, le motiva a confiar de que ser\u00e1 el pr\u00f3ximo candidato del PLD y presidente de la Rep\u00fablica. \u201cLos recorridos que realiz\u00f3 por&hellip;<\/p>\n","protected":false},"author":3,"featured_media":347,"comment_status":"open","ping_status":"open","sticky":false,"template":"","format":"standard","meta":{"rop_custom_images_group":[],"rop_custom_messages_group":[],"rop_publish_now":"initial","rop_publish_now_accounts":[],"rop_publish_now_history":[],"rop_publish_now_status":"pending","footnotes":""},"categories":[12,24],"tags":[],"class_list":["post-346","post","type-post","status-publish","format-standard","has-post-thumbnail","hentry","category-elecciones-2020","category-politica"],"_links":{"self":[{"href":"https:\/\/larepublicanews.com.do\/live\/wp-json\/wp\/v2\/posts\/346","targetHints":{"allow":["GET"]}}],"collection":[{"href":"https:\/\/larepublicanews.com.do\/live\/wp-json\/wp\/v2\/posts"}],"about":[{"href":"https:\/\/larepublicanews.com.do\/live\/wp-json\/wp\/v2\/types\/post"}],"author":[{"embeddable":true,"href":"https:\/\/larepublicanews.com.do\/live\/wp-json\/wp\/v2\/users\/3"}],"replies":[{"embeddable":true,"href":"https:\/\/larepublicanews.com.do\/live\/wp-json\/wp\/v2\/comments?post=346"}],"version-history":[{"count":0,"href":"https:\/\/larepublicanews.com.do\/live\/wp-json\/wp\/v2\/posts\/346\/revisions"}],"wp:featuredmedia":[{"embeddable":true,"href":"https:\/\/larepublicanews.com.do\/live\/wp-json\/wp\/v2\/media\/347"}],"wp:attachment":[{"href":"https:\/\/larepublicanews.com.do\/live\/wp-json\/wp\/v2\/media?parent=346"}],"wp:term":[{"taxonomy":"category","embeddable":true,"href":"https:\/\/larepublicanews.com.do\/live\/wp-json\/wp\/v2\/categories?post=346"},{"taxonomy":"post_tag","embeddable":true,"href":"https:\/\/larepublicanews.com.do\/live\/wp-json\/wp\/v2\/tags?post=346"}],"curies":[{"name":"wp","href":"https:\/\/api.w.org\/{rel}","templated":true}]}}