{"id":339,"date":"2019-03-04T19:40:58","date_gmt":"2019-03-04T19:40:58","guid":{"rendered":"http:\/\/diario24news.com\/hoy\/?p=339"},"modified":"2019-03-04T19:40:58","modified_gmt":"2019-03-04T19:40:58","slug":"murio-anthony-rios","status":"publish","type":"post","link":"https:\/\/larepublicanews.com.do\/live\/murio-anthony-rios\/","title":{"rendered":"Muri\u00f3 Anthony R\u00edos"},"content":{"rendered":"<p style=\"background: white; vertical-align: baseline; margin: 0cm 0cm 7.5pt 0cm;\"><span style=\"font-size: 10.5pt; font-family: 'Georgia',serif; color: #333333;\">El cantautor Anthony R\u00edos falleci\u00f3 esta tarde, seg\u00fan ha podido confirmar este medio con distintas fuentes informativas.<\/span><\/p>\n<p style=\"background: white; vertical-align: baseline; outline: 0px; font-variant-ligatures: normal; font-variant-caps: normal; orphans: 2; widows: 2; -webkit-text-stroke-width: 0px; text-decoration-style: initial; text-decoration-color: initial; word-spacing: 0px; margin: 0cm 0cm 7.5pt 0cm;\"><span style=\"font-size: 10.5pt; font-family: 'Georgia',serif; color: #333333;\">R\u00edos ten\u00eda varios d\u00edas ingresado en un centro de salud, con serios problemas de salud.<\/span><\/p>\n<p style=\"background: white; vertical-align: baseline; outline: 0px; font-variant-ligatures: normal; font-variant-caps: normal; orphans: 2; widows: 2; -webkit-text-stroke-width: 0px; text-decoration-style: initial; text-decoration-color: initial; word-spacing: 0px; margin: 0cm 0cm 7.5pt 0cm;\"><span style=\"font-size: 10.5pt; font-family: 'Georgia',serif; color: #333333;\">El merenguero Fernando Villalona inform\u00f3 sobre el deceso del cantante en su cuenta en la red social Instagram. \u201cVuela amigo, vuelva alto. Descansa en paz querido hermano Anthony, es una tristeza que embarga mi alma saber esta noticia, te quiero y te querr\u00e9 hasta volver a encontrarnos, se nos fue uno de los grandes, paz a tu alma\u201d, escribi\u00f3 en esa plataforma.<\/span><\/p>\n<p style=\"background: white; vertical-align: baseline; outline: 0px; font-variant-ligatures: normal; font-variant-caps: normal; orphans: 2; widows: 2; -webkit-text-stroke-width: 0px; text-decoration-style: initial; text-decoration-color: initial; word-spacing: 0px; margin: 0cm 0cm 7.5pt 0cm;\"><span style=\"font-size: 10.5pt; font-family: 'Georgia',serif; color: #333333;\">Tambi\u00e9n el merenguero Sergio Vargas escribi\u00f3 sobre su muerte: \u201cAnthony, haz tu viaje en paz, no hay como borrar tu legado art\u00edstico y me sumo a la gran cantidad de int\u00e9rpretes que hoy nos toca llorar la partida de uno que no tiene relevo, descansa en Paz querido Anthony. Am\u00e9n\u201d, escribi\u00f3.<\/span><\/p>\n<p style=\"background: white; vertical-align: baseline; outline: 0px; font-variant-ligatures: normal; font-variant-caps: normal; orphans: 2; widows: 2; -webkit-text-stroke-width: 0px; text-decoration-style: initial; text-decoration-color: initial; word-spacing: 0px; margin: 0cm 0cm 7.5pt 0cm;\"><span style=\"font-size: 10.5pt; font-family: 'Georgia',serif; color: #333333;\">El cantautor dominicano fue dado de alta el s\u00e1bado 16 de febrero luego de que el d\u00eda antes se le practicara una intervenci\u00f3n quir\u00fargica para colocarle un marcapasos en el coraz\u00f3n que regule su ritmo.<\/span><\/p>\n<p style=\"background: white; vertical-align: baseline; outline: 0px; font-variant-ligatures: normal; font-variant-caps: normal; orphans: 2; widows: 2; -webkit-text-stroke-width: 0px; text-decoration-style: initial; text-decoration-color: initial; word-spacing: 0px; margin: 0cm 0cm 7.5pt 0cm;\"><span style=\"font-size: 10.5pt; font-family: 'Georgia',serif; color: #333333;\">El artista se encontraba a principios de febrero en Atlanta, Estados Unidos, cuando sufri\u00f3 una descompensaci\u00f3n card\u00edaca, por lo que fue internado en un centro m\u00e9dico de Santo Domingo del lunes 4 al jueves 7 de febrero, explic\u00f3 su m\u00e1nager, Servio Polonio.<\/span><\/p>\n<p style=\"background: white; vertical-align: baseline; outline: 0px; font-variant-ligatures: normal; font-variant-caps: normal; orphans: 2; widows: 2; -webkit-text-stroke-width: 0px; text-decoration-style: initial; text-decoration-color: initial; word-spacing: 0px; margin: 0cm 0cm 7.5pt 0cm;\"><span style=\"font-size: 10.5pt; font-family: 'Georgia',serif; color: #333333;\">A su retorno, sus m\u00e9dicos le recomendaron dos semanas de reposo, pero despu\u00e9s en una conversaci\u00f3n entre Polonio y el cardi\u00f3logo de cabecera de Anthony R\u00edos, Jos\u00e9 Maldonado, se determin\u00f3 la colocaci\u00f3n del marcapasos.<\/span><\/p>\n<p><em>Fuente:\u00a0<\/em><strong>List\u00edn Diario<\/strong><\/p>\n","protected":false},"excerpt":{"rendered":"<p>El cantautor Anthony R\u00edos falleci\u00f3 esta tarde, seg\u00fan ha podido confirmar este medio con distintas fuentes informativas. R\u00edos ten\u00eda varios d\u00edas ingresado en un centro de salud, con serios problemas de salud. El merenguero Fernando Villalona inform\u00f3 sobre el deceso del cantante en su cuenta en la red social Instagram. \u201cVuela amigo, vuelva alto. Descansa en paz querido hermano Anthony, es una tristeza que embarga mi alma saber esta noticia, te quiero y te querr\u00e9 hasta volver a encontrarnos, se nos fue uno de los grandes, paz a tu alma\u201d,&hellip;<\/p>\n","protected":false},"author":3,"featured_media":343,"comment_status":"open","ping_status":"open","sticky":false,"template":"","format":"standard","meta":{"rop_custom_images_group":[],"rop_custom_messages_group":[],"rop_publish_now":"initial","rop_publish_now_accounts":[],"rop_publish_now_history":[],"rop_publish_now_status":"pending","footnotes":""},"categories":[13],"tags":[],"class_list":["post-339","post","type-post","status-publish","format-standard","has-post-thumbnail","hentry","category-entretenimiento"],"_links":{"self":[{"href":"https:\/\/larepublicanews.com.do\/live\/wp-json\/wp\/v2\/posts\/339","targetHints":{"allow":["GET"]}}],"collection":[{"href":"https:\/\/larepublicanews.com.do\/live\/wp-json\/wp\/v2\/posts"}],"about":[{"href":"https:\/\/larepublicanews.com.do\/live\/wp-json\/wp\/v2\/types\/post"}],"author":[{"embeddable":true,"href":"https:\/\/larepublicanews.com.do\/live\/wp-json\/wp\/v2\/users\/3"}],"replies":[{"embeddable":true,"href":"https:\/\/larepublicanews.com.do\/live\/wp-json\/wp\/v2\/comments?post=339"}],"version-history":[{"count":0,"href":"https:\/\/larepublicanews.com.do\/live\/wp-json\/wp\/v2\/posts\/339\/revisions"}],"wp:featuredmedia":[{"embeddable":true,"href":"https:\/\/larepublicanews.com.do\/live\/wp-json\/wp\/v2\/media\/343"}],"wp:attachment":[{"href":"https:\/\/larepublicanews.com.do\/live\/wp-json\/wp\/v2\/media?parent=339"}],"wp:term":[{"taxonomy":"category","embeddable":true,"href":"https:\/\/larepublicanews.com.do\/live\/wp-json\/wp\/v2\/categories?post=339"},{"taxonomy":"post_tag","embeddable":true,"href":"https:\/\/larepublicanews.com.do\/live\/wp-json\/wp\/v2\/tags?post=339"}],"curies":[{"name":"wp","href":"https:\/\/api.w.org\/{rel}","templated":true}]}}