{"id":332,"date":"2019-03-04T18:48:33","date_gmt":"2019-03-04T18:48:33","guid":{"rendered":"http:\/\/diario24news.com\/hoy\/?p=332"},"modified":"2019-03-04T18:48:33","modified_gmt":"2019-03-04T18:48:33","slug":"porque-existen-desigualdades-entre-paises","status":"publish","type":"post","link":"https:\/\/larepublicanews.com.do\/live\/porque-existen-desigualdades-entre-paises\/","title":{"rendered":"\u00bfPorque existen desigualdades entre pa\u00edses?"},"content":{"rendered":"<p><em>Por:<\/em><strong>\u00a0Daris Javier Cuevas<\/strong><\/p>\n<p>En la actualidad el mundo est\u00e1 guiado por los avances y desarrollo de la tecnolog\u00eda, la cual se ha constituido en una fuerza transformadora y un motor para el cambio social, situaci\u00f3n se ha venido registrando desde la Revoluci\u00f3n Industrial. Sin embargo, aunque se reconoce que la revoluci\u00f3n digital ha generado beneficios a corto plazo, estos en su gran mayor\u00eda se han concentrado en la esfera privada y en pocas manos.<\/p>\n<p>La concentraci\u00f3n segmentada de los beneficios derivada de la revoluci\u00f3n tecnol\u00f3gica ha tenido un impacto directo sobre la desigualdad social entre los pa\u00edses, fruto de que las ganancias est\u00e1n fortaleciendo el bienestar de una \u00e9lite de empresas, pero no el de la sociedad en su conjunto. Tal realidad generada por la relaci\u00f3n entre tecnolog\u00eda y desigualdad es derivada de que en el mundo est\u00e1 la persistencia de la brecha digital, cuya m\u00e1xima expresi\u00f3n se puede verificar en que m\u00e1s de un 60% de la poblaci\u00f3n mundial sigue sin conexi\u00f3n a Internet, es decir, excluida de la econom\u00eda digital.<\/p>\n<p>La desigualdad entre pa\u00edses es muy notoria ya que muchos de estos que eran pobres, aprovecharon tal situaci\u00f3n como una oportunidad para adoptar, y mejorar, el conocimiento y las tecnolog\u00edas, lo que se ha convertido en el motor que ha impulsado una mejora sustancial en su crecimiento econ\u00f3mico.<\/p>\n<p>La desigualdad entre pa\u00edses es muy notoria ya que muchos de estos que eran pobres, aprovecharon tal situaci\u00f3n como una oportunidad para adoptar, y mejorar, el conocimiento y las tecnolog\u00edas, lo que se ha convertido en el motor que ha impulsado una mejora sustancial en su crecimiento econ\u00f3mico. Los pa\u00edses m\u00e1s beneficiados de ese cambio de actitud han sido China, en particular Hong Kong, Singapur, Corea del Sur, Taiw\u00e1n y la India, los cuales exhiben impresionantes tasas de crecimiento del PIB impulsadas por el sector de la tecnolog\u00eda.<\/p>\n<p>A escala global, el crecimiento econ\u00f3mico resulta siendo distribuido inequitativamente, lo cual se observa en que la mayor\u00eda de los pa\u00edses que eran pobres hace 50 a\u00f1os, contin\u00faan sometido a ese flagelo social. La explicaci\u00f3n m\u00e1s objetiva de la persistencia del fen\u00f3meno de la inequidad se encuentra en que la gran mayor\u00eda de los pa\u00edses no han realizado la innovaci\u00f3n tecnol\u00f3gica a la velocidad requerida para alcanzar niveles de crecimiento del PIB m\u00e1s incluyente, capaz de entrar a la ruta del progreso y la equidad social.<\/p>\n<p>La explicaci\u00f3n m\u00e1s objetiva de la persistencia del fen\u00f3meno de la inequidad se encuentra en que la gran mayor\u00eda de los pa\u00edses no han realizado la innovaci\u00f3n tecnol\u00f3gica a la velocidad requerida para alcanzar niveles de crecimiento del PIB m\u00e1s incluyente, capaz de entrar a la ruta del progreso y la equidad social.<\/p>\n<p>Muchos pa\u00edses sustentan su crecimiento econ\u00f3mico en los mismos sectores de hace 50 a\u00f1os, por tanto, este no se est\u00e1 correspondiendo con los est\u00e1ndares internacionales que favorecen los cambios estructurales que reducen la desigualdad econ\u00f3mica y social que afecta al mundo de hoy. El crecimiento econ\u00f3mico que experimentan los pa\u00edses que no asumen los cambios tecnol\u00f3gicos no se puede comparar con los dem\u00e1s pa\u00edses de la regi\u00f3n a la que corresponden ya que este crecimiento no se produce en los mismos sectores ni mucho menos se mide con un valor monetario com\u00fan.<\/p>\n<p>A pesar de que muchos pa\u00edses han tenido logros de un crecimiento de alta velocidad, pero este no se ha traducido en una reducci\u00f3n sustanciosa en la brecha de desigualdad de ingreso entre pa\u00edses. La dispersi\u00f3n de ingresos promedio entre pa\u00edses pobres y pa\u00edses ricos sigue siendo tan grande como siempre se ha registrado a trav\u00e9s de la historia, situaci\u00f3n que explica en una alta proporci\u00f3n la presencia contin\u00faa del c\u00edrculo vicioso del fen\u00f3meno de la pobreza y la inequidad.<\/p>\n<p>El crecimiento econ\u00f3mico que experimentan los pa\u00edses que no asumen los cambios tecnol\u00f3gicos no se puede comparar con los dem\u00e1s pa\u00edses de la regi\u00f3n a la que corresponden ya que este crecimiento no se produce en los mismos sectores ni mucho menos se mide con un valor monetario com\u00fan.<\/p>\n<p>Para que se tenga una idea de la grave situaci\u00f3n predominante en el mundo, solo hay que se\u00f1alar que aunque la tasa de pobreza mundial se ha reducido a la mitad desde el a\u00f1o 2000, en las econom\u00edas regiones en desarrollo a\u00fan una de cada diez personas, y sus familias, sigue subsistiendo con 1,90 d\u00f3lares diarios y hay millones m\u00e1s que ganan poco m\u00e1s que esta cantidad diaria. El malestar de la pobreza va m\u00e1s all\u00e1 de la falta de ingresos y recursos para garantizar unos medios de vida sostenibles, es un problema de derechos humanos, expresada a trav\u00e9s del hambre, la malnutrici\u00f3n, falta de una vivienda digna, limitaci\u00f3n al acceso de la salud y la educaci\u00f3n, entre otros.<\/p>\n<p>Los organismos internacionales que tratan el tema de la pobreza, han admitido que m\u00e1s de 783 millones de personas vive por debajo del umbral de pobreza internacional, con 1,90 d\u00f3lares diarios. En efectos, para el 2017, menos del 10% de los trabajadores de todo el mundo viv\u00edan con sus familias con menos de 1,90 d\u00f3lares diarios por persona y que las altas tasas de pobreza se encuentran a menudo en los pa\u00edses peque\u00f1os, fr\u00e1giles y afectados por conflictos, donde solo el 45% de la poblaci\u00f3n mundial estaba amparada por un sistema de protecci\u00f3n social con al menos una prestaci\u00f3n en efectivo.<\/p>\n<p>El malestar de la pobreza va m\u00e1s all\u00e1 de la falta de ingresos y recursos para garantizar unos medios de vida sostenibles, es un problema de derechos humanos, expresada a trav\u00e9s del hambre, la malnutrici\u00f3n, falta de una vivienda digna, limitaci\u00f3n al acceso de la salud y la educaci\u00f3n, entre otros.<\/p>\n<p>Al destacar el hambre como flagelo social, hay que resaltar que el sector alimentario y el sector agr\u00edcola ofrecen soluciones claves para el desarrollo, los cuales son vitales para la eliminaci\u00f3n del hambre y la pobreza. En el mundo una de cada nueve personas est\u00e1 subalimentada en la actualidad; esto es, alrededor de 815 millones de personas en el mundo y en el que la mayor\u00eda de las personas que sufren de hambre viven en los pa\u00edses en desarrollo, donde el 12.9 % de la poblaci\u00f3n se encuentra subalimentada.<\/p>\n<p>La desigualdad prevaleciente a escala global tiende a profundizarse si no se hace \u00e9nfasis en la educaci\u00f3n, ya que esta se convierte en la base para mejorar la vida y el desarrollo sostenible. En adici\u00f3n, mejora la calidad de vida de las personas, el acceso a la educaci\u00f3n inclusiva y equitativa puede ayudar abastecer a la poblaci\u00f3n local con las herramientas necesarias para desarrollar soluciones innovadoras en cada pa\u00eds.<\/p>\n<p>En la actualidad, en pleno siglo XXI, m\u00e1s de 265 millones de ni\u00f1os y ni\u00f1as no est\u00e1n escolarizados y el 22% de estos est\u00e1n en edad de asistir a la escuela primaria y la mayor\u00eda de los que asisten a la escuela carecen de los conocimientos b\u00e1sicos de lectura y aritm\u00e9tica. Esta situaci\u00f3n empeora mucho m\u00e1s al identificarse que 57 millones de ni\u00f1os en edad de escolarizaci\u00f3n primaria siguen sin asistir a la escuela y que 617 millones de j\u00f3venes en el mundo carecen de los conocimientos b\u00e1sicos en aritm\u00e9tica y de un nivel m\u00ednimo de alfabetizaci\u00f3n.<\/p>\n<p>La evidencia emp\u00edrica demuestra que aunque la econom\u00eda global ha crecido y existe un consenso, cada vez mayor, de que el crecimiento econ\u00f3mico no est\u00e1 resultando suficiente para reducir la pobreza y que no es inclusivo para desactivar la expansi\u00f3n de la desigualdad econ\u00f3mica, social y ambiental.<\/p>\n<p>El mundo transita por un dualismo impresionante e inveros\u00edmil entre la globalizaci\u00f3n y la inequidad tal como se refleja en el hecho de que la escasez de agua afecta a m\u00e1s del 40% de la poblaci\u00f3n mundial y se prev\u00e9 que este porcentaje aumente. Peor a\u00fan cuando se sabe que m\u00e1s del 80% de las aguas residuales resultantes de actividades humanas se vierten en los r\u00edos o el mar sin ning\u00fan tratamiento, lo que provoca su contaminaci\u00f3n y que cada d\u00eda, alrededor de 1000 ni\u00f1os mueren debido a enfermedades diarreicas asociadas a la falta de higiene.<\/p>\n<p>La desigualdad global parece no tener soluci\u00f3n ni limites, si se considera que el 13% de la poblaci\u00f3n mundial a\u00fan no tiene acceso a servicios modernos de electricidad y que 3000 millones de personas dependen de la madera, el carb\u00f3n, el carb\u00f3n vegetal o los desechos de origen animal para cocinar y calentar la comida. La evidencia emp\u00edrica demuestra que aunque la econom\u00eda global ha crecido y existe un consenso, cada vez mayor, de que el crecimiento econ\u00f3mico no est\u00e1 resultando suficiente para reducir la pobreza y que no es inclusivo para desactivar la expansi\u00f3n de la desigualdad econ\u00f3mica, social y ambiental.<\/p>\n<p><em>Fuente:\u00a0<\/em><strong>Vanguardia del pueblo<\/strong><\/p>\n","protected":false},"excerpt":{"rendered":"<p>Por:\u00a0Daris Javier Cuevas En la actualidad el mundo est\u00e1 guiado por los avances y desarrollo de la tecnolog\u00eda, la cual se ha constituido en una fuerza transformadora y un motor para el cambio social, situaci\u00f3n se ha venido registrando desde la Revoluci\u00f3n Industrial. Sin embargo, aunque se reconoce que la revoluci\u00f3n digital ha generado beneficios a corto plazo, estos en su gran mayor\u00eda se han concentrado en la esfera privada y en pocas manos. La concentraci\u00f3n segmentada de los beneficios derivada de la revoluci\u00f3n tecnol\u00f3gica ha tenido un impacto directo&hellip;<\/p>\n","protected":false},"author":3,"featured_media":333,"comment_status":"open","ping_status":"open","sticky":false,"template":"","format":"standard","meta":{"rop_custom_images_group":[],"rop_custom_messages_group":[],"rop_publish_now":"initial","rop_publish_now_accounts":[],"rop_publish_now_history":[],"rop_publish_now_status":"pending","footnotes":""},"categories":[2],"tags":[],"class_list":["post-332","post","type-post","status-publish","format-standard","has-post-thumbnail","hentry","category-actualidad"],"_links":{"self":[{"href":"https:\/\/larepublicanews.com.do\/live\/wp-json\/wp\/v2\/posts\/332","targetHints":{"allow":["GET"]}}],"collection":[{"href":"https:\/\/larepublicanews.com.do\/live\/wp-json\/wp\/v2\/posts"}],"about":[{"href":"https:\/\/larepublicanews.com.do\/live\/wp-json\/wp\/v2\/types\/post"}],"author":[{"embeddable":true,"href":"https:\/\/larepublicanews.com.do\/live\/wp-json\/wp\/v2\/users\/3"}],"replies":[{"embeddable":true,"href":"https:\/\/larepublicanews.com.do\/live\/wp-json\/wp\/v2\/comments?post=332"}],"version-history":[{"count":0,"href":"https:\/\/larepublicanews.com.do\/live\/wp-json\/wp\/v2\/posts\/332\/revisions"}],"wp:featuredmedia":[{"embeddable":true,"href":"https:\/\/larepublicanews.com.do\/live\/wp-json\/wp\/v2\/media\/333"}],"wp:attachment":[{"href":"https:\/\/larepublicanews.com.do\/live\/wp-json\/wp\/v2\/media?parent=332"}],"wp:term":[{"taxonomy":"category","embeddable":true,"href":"https:\/\/larepublicanews.com.do\/live\/wp-json\/wp\/v2\/categories?post=332"},{"taxonomy":"post_tag","embeddable":true,"href":"https:\/\/larepublicanews.com.do\/live\/wp-json\/wp\/v2\/tags?post=332"}],"curies":[{"name":"wp","href":"https:\/\/api.w.org\/{rel}","templated":true}]}}