{"id":320,"date":"2019-03-04T15:21:56","date_gmt":"2019-03-04T15:21:56","guid":{"rendered":"http:\/\/diario24news.com\/hoy\/?p=320"},"modified":"2019-03-04T15:21:56","modified_gmt":"2019-03-04T15:21:56","slug":"el-papa-anuncia-la-apertura-de-los-archivos-sobre-el-pontificado-de-pio-xii","status":"publish","type":"post","link":"https:\/\/larepublicanews.com.do\/live\/el-papa-anuncia-la-apertura-de-los-archivos-sobre-el-pontificado-de-pio-xii\/","title":{"rendered":"El papa anuncia la apertura de los archivos sobre el pontificado de P\u00edo XII"},"content":{"rendered":"<p>El papa Francisco ha anunciado este lunes la pr\u00f3xima apertura de los archivos secretos del Vaticano concernientes al pontificado de Eugenio Pacelli,\u00a0P\u00edo XII, debido a las acusaciones de que este pont\u00edfice no levant\u00f3 la voz contra el nazismo durante la II Guerra Mundial, algo que la Santa Sede siempre ha negado.<\/p>\n<p>\u00abHe decidido que la apertura de los Archivos del Vaticano del pontificado de P\u00edo XII se llevar\u00e1 a cabo el 2 de marzo de 2020, exactamente un a\u00f1o despu\u00e9s del ochenta aniversario de la elecci\u00f3n al\u00a0Trono de Pedro de Eugenio Pacelli\u00bb,\u00a0anunci\u00f3\u00a0Francisco.<\/p>\n<p>\u00bfConspir\u00f3 el Vaticano contra Hitler?<br \/>\nEn el pasado, diferentes asociaciones hab\u00edan solicitado poder acceder a la documentaci\u00f3n relativa al papado de P\u00edo XII (1939-1958) existente en\u00a0los Archivos Vaticanos, sobre todo despu\u00e9s de que comenzase su proceso de beatificaci\u00f3n.<\/p>\n<p>Muchos han acusado al papa Pacelli de no haberse levantado contra los cr\u00edmenes del nazismo, comenzando por una redada ocurrida en octubre de 1943 en el gueto jud\u00edo de Roma, tras la cual m\u00e1s de un millar de personas fueron deportadas al\u00a0campo de concentraci\u00f3n de Auschwitz\u00a0(Polonia). Solo 16 de ellas regresaron con vida.<\/p>\n<p>Francisco hab\u00eda dado siempre su benepl\u00e1cito a la apertura de los archivos y hab\u00eda destacado que Pacelli\u00a0en secreto salv\u00f3 a muchos jud\u00edos, pero la gran cantidad de documentos hab\u00eda retrasado el trabajo para su catalogaci\u00f3n.<\/p>\n<p>\u00abAsumo esta decisi\u00f3n despu\u00e9s de escuchar la opini\u00f3n de mis colaboradores m\u00e1s cercanos, con una mente tranquila y confiada, segura de que la investigaci\u00f3n hist\u00f3rica seria y objetiva podr\u00e1 evaluar en su luz correcta con la cr\u00edtica apropiada, momentos de exaltaci\u00f3n de ese pont\u00edfice y, sin duda, tambi\u00e9n momentos de serias dificultades, de decisiones atormentadas, de prudencia humana y cristiana\u00bb, agreg\u00f3 el papa.<\/p>\n<p>&nbsp;<\/p>\n","protected":false},"excerpt":{"rendered":"<p>El papa Francisco ha anunciado este lunes la pr\u00f3xima apertura de los archivos secretos del Vaticano concernientes al pontificado de Eugenio Pacelli,\u00a0P\u00edo XII, debido a las acusaciones de que este pont\u00edfice no levant\u00f3 la voz contra el nazismo durante la II Guerra Mundial, algo que la Santa Sede siempre ha negado. \u00abHe decidido que la apertura de los Archivos del Vaticano del pontificado de P\u00edo XII se llevar\u00e1 a cabo el 2 de marzo de 2020, exactamente un a\u00f1o despu\u00e9s del ochenta aniversario de la elecci\u00f3n al\u00a0Trono de Pedro de&hellip;<\/p>\n","protected":false},"author":3,"featured_media":322,"comment_status":"open","ping_status":"open","sticky":false,"template":"","format":"standard","meta":{"rop_custom_images_group":[],"rop_custom_messages_group":[],"rop_publish_now":"initial","rop_publish_now_accounts":[],"rop_publish_now_history":[],"rop_publish_now_status":"pending","footnotes":""},"categories":[2],"tags":[],"class_list":["post-320","post","type-post","status-publish","format-standard","has-post-thumbnail","hentry","category-actualidad"],"_links":{"self":[{"href":"https:\/\/larepublicanews.com.do\/live\/wp-json\/wp\/v2\/posts\/320","targetHints":{"allow":["GET"]}}],"collection":[{"href":"https:\/\/larepublicanews.com.do\/live\/wp-json\/wp\/v2\/posts"}],"about":[{"href":"https:\/\/larepublicanews.com.do\/live\/wp-json\/wp\/v2\/types\/post"}],"author":[{"embeddable":true,"href":"https:\/\/larepublicanews.com.do\/live\/wp-json\/wp\/v2\/users\/3"}],"replies":[{"embeddable":true,"href":"https:\/\/larepublicanews.com.do\/live\/wp-json\/wp\/v2\/comments?post=320"}],"version-history":[{"count":0,"href":"https:\/\/larepublicanews.com.do\/live\/wp-json\/wp\/v2\/posts\/320\/revisions"}],"wp:featuredmedia":[{"embeddable":true,"href":"https:\/\/larepublicanews.com.do\/live\/wp-json\/wp\/v2\/media\/322"}],"wp:attachment":[{"href":"https:\/\/larepublicanews.com.do\/live\/wp-json\/wp\/v2\/media?parent=320"}],"wp:term":[{"taxonomy":"category","embeddable":true,"href":"https:\/\/larepublicanews.com.do\/live\/wp-json\/wp\/v2\/categories?post=320"},{"taxonomy":"post_tag","embeddable":true,"href":"https:\/\/larepublicanews.com.do\/live\/wp-json\/wp\/v2\/tags?post=320"}],"curies":[{"name":"wp","href":"https:\/\/api.w.org\/{rel}","templated":true}]}}