{"id":283,"date":"2019-02-19T14:34:55","date_gmt":"2019-02-19T14:34:55","guid":{"rendered":"http:\/\/diario24news.com\/hoy\/?p=283"},"modified":"2019-02-19T14:34:55","modified_gmt":"2019-02-19T14:34:55","slug":"bernie-sanders-buscara-la-candidatura-democrata-para-las-elecciones-presidenciales-de-2020","status":"publish","type":"post","link":"https:\/\/larepublicanews.com.do\/live\/bernie-sanders-buscara-la-candidatura-democrata-para-las-elecciones-presidenciales-de-2020\/","title":{"rendered":"Bernie Sanders buscar\u00e1 la candidatura dem\u00f3crata para las elecciones presidenciales de 2020"},"content":{"rendered":"<p>El senador Bernie Sanders, durante una rueda de prensa en Washington, el pasado enero.\u00a0Yuri GripasREUTERS<br \/>\nEl arsenal dem\u00f3crata para derrotar a Donald Trump en 2020<br \/>\nEl senador por Vermont,\u00a0Bernie Sanders, ha anunciado que se presentar\u00e1 por segunda vez a las primarias dem\u00f3cratas para las elecciones presidenciales de 2020, en una entrevista en la radio p\u00fablica de Vermont.<!--more--><\/p>\n<p>\u00abPrometo, y lo har\u00e9 dando un tour por el pa\u00eds, transmitir los valores de los que todos estamos orgullosos en Vermont la creencia en la justicia, en la comunidad, en la pol\u00edtica de base, en las reuniones p\u00fablicas\u00bb, ha afirmado.<\/p>\n<p>Sanders (77 a\u00f1os) independiente que se define como \u00abdem\u00f3crata socialista\u00bb, perdi\u00f3 la nominaci\u00f3n frente a\u00a0Hillary Clinton\u00a0en las elecciones de 2016.<\/p>\n<p>En la entrevista tambi\u00e9n ha arremetido duramente contra el presidente de Estados Unidos, Donald Trump: \u00abEs un racista, sexista, hom\u00f3fobo\u00bb, que \u00abla toma con las minor\u00edas, a menudo con los inmigrantes sin papeles\u00bb.<\/p>\n<p>\u00abHace tres a\u00f1os, durante nuestra campa\u00f1a de 2016, cuando presentamos nuestra agenda progresista,\u00a0nos dijeron que nuestras ideas eran &#8216;radicales&#8217; y &#8216;extremas'\u00bb, explic\u00f3 el senador tambi\u00e9n este martes en un correo electr\u00f3nico enviado a sus seguidores y que publica\u00a0The New York Times.<\/p>\n<p>En ese mensaje se refiere a la\u00a0necesidad de aplicar nuevas pol\u00edticas de salud, econ\u00f3micas y educativas, as\u00ed como la lucha contra el cambio clim\u00e1tico y el aumento de los impuestos a los ricos.<\/p>\n<p>\u00abBueno, estos tres a\u00f1os han pasado y ya se han ido. Y, como resultado, hay millones de estadounidenses que se levantan y contraatacan, todas estas ideas pol\u00edticas cuentan ahora con el respaldo de la mayor\u00eda de los estadounidenses \u00ab, agrega Sanders, seg\u00fan el diario neoyorquino.<\/p>\n<p>Durante su \u00faltima campa\u00f1a, el pol\u00edtico independiente defendi\u00f3 medidas como la aplicaci\u00f3n de un sistema p\u00fablico de salud para todos los estadounidenses, elevar el salario m\u00ednimo o extender la ense\u00f1anza p\u00fablica.<\/p>\n","protected":false},"excerpt":{"rendered":"<p>El senador Bernie Sanders, durante una rueda de prensa en Washington, el pasado enero.\u00a0Yuri GripasREUTERS El arsenal dem\u00f3crata para derrotar a Donald Trump en 2020 El senador por Vermont,\u00a0Bernie Sanders, ha anunciado que se presentar\u00e1 por segunda vez a las primarias dem\u00f3cratas para las elecciones presidenciales de 2020, en una entrevista en la radio p\u00fablica de Vermont.<\/p>\n","protected":false},"author":3,"featured_media":284,"comment_status":"open","ping_status":"open","sticky":false,"template":"","format":"standard","meta":{"rop_custom_images_group":[],"rop_custom_messages_group":[],"rop_publish_now":"initial","rop_publish_now_accounts":[],"rop_publish_now_history":[],"rop_publish_now_status":"pending","footnotes":""},"categories":[15],"tags":[],"class_list":["post-283","post","type-post","status-publish","format-standard","has-post-thumbnail","hentry","category-estados-unidos"],"_links":{"self":[{"href":"https:\/\/larepublicanews.com.do\/live\/wp-json\/wp\/v2\/posts\/283","targetHints":{"allow":["GET"]}}],"collection":[{"href":"https:\/\/larepublicanews.com.do\/live\/wp-json\/wp\/v2\/posts"}],"about":[{"href":"https:\/\/larepublicanews.com.do\/live\/wp-json\/wp\/v2\/types\/post"}],"author":[{"embeddable":true,"href":"https:\/\/larepublicanews.com.do\/live\/wp-json\/wp\/v2\/users\/3"}],"replies":[{"embeddable":true,"href":"https:\/\/larepublicanews.com.do\/live\/wp-json\/wp\/v2\/comments?post=283"}],"version-history":[{"count":0,"href":"https:\/\/larepublicanews.com.do\/live\/wp-json\/wp\/v2\/posts\/283\/revisions"}],"wp:featuredmedia":[{"embeddable":true,"href":"https:\/\/larepublicanews.com.do\/live\/wp-json\/wp\/v2\/media\/284"}],"wp:attachment":[{"href":"https:\/\/larepublicanews.com.do\/live\/wp-json\/wp\/v2\/media?parent=283"}],"wp:term":[{"taxonomy":"category","embeddable":true,"href":"https:\/\/larepublicanews.com.do\/live\/wp-json\/wp\/v2\/categories?post=283"},{"taxonomy":"post_tag","embeddable":true,"href":"https:\/\/larepublicanews.com.do\/live\/wp-json\/wp\/v2\/tags?post=283"}],"curies":[{"name":"wp","href":"https:\/\/api.w.org\/{rel}","templated":true}]}}