{"id":271,"date":"2019-02-18T17:29:17","date_gmt":"2019-02-18T17:29:17","guid":{"rendered":"http:\/\/diario24news.com\/hoy\/?p=271"},"modified":"2019-02-18T17:29:17","modified_gmt":"2019-02-18T17:29:17","slug":"coche-presidencial-publican-imagenes-exclusivas-del-interior-de-la-limusina-rusa-aurus","status":"publish","type":"post","link":"https:\/\/larepublicanews.com.do\/live\/coche-presidencial-publican-imagenes-exclusivas-del-interior-de-la-limusina-rusa-aurus\/","title":{"rendered":"Coche presidencial: Publican im\u00e1genes exclusivas del interior de la limusina rusa Aurus"},"content":{"rendered":"<p>Se trata de uno de los modelos que utiliza el presidente ruso Vlad\u00edmir Putin.<\/p>\n<p>Vladimir Pesnya\u00a0\/ Sputnik<\/p>\n<p>https:\/\/youtu.be\/kIfB7EMeBuQ<\/p>\n<p>En la Red se han difundido im\u00e1genes del interior de la limusina de fabricaci\u00f3n rusa Aurus, perteneciente al proyecto estatal Kortezh. Se trata de uno de los modelos que\u00a0usa\u00a0el presidente de Rusia, Vlad\u00edmir Putin.<\/p>\n<p>Seg\u00fan el reportero del canal de televisi\u00f3n Zvezda, que tuvo\u00a0acceso\u00a0al veh\u00edculo, el interior del Aurus tiene acabados de madera y cuero natural, mientras que en el lugar del tradicional tablero hay dos monitores que muestran toda la informaci\u00f3n necesaria.<\/p>\n<p>El lugar que ocupan los pasajeros est\u00e1 equipado con un sistema multimedia, en tanto las dos ventanillas laterales traseras han sido reemplazadas por dos monitores que muestran im\u00e1genes en directo del exterior captadas por diferentes c\u00e1maras.<\/p>\n<p>El Aurus (el nombre proviene de la fusi\u00f3n de dos palabras: &#8216;aurum&#8217;, &#8216;oro&#8217; en lat\u00edn, y &#8216;rus&#8217; por Rusia) es similar a las limusinas brit\u00e1nicas Rolls-Royce. .<\/p>\n<p>El proyecto Kortezh (&#8216;cortejo&#8217;, en ruso) naci\u00f3 en 2012 y contempla el desarrollo de\u00a0una familia de\u00a0veh\u00edculos con funciones especiales: una furgoneta, un sed\u00e1n de clase empresarial y una limusina para las altas personalidades del Estado, as\u00ed como un todoterreno para sus guardaespaldas.<\/p>\n","protected":false},"excerpt":{"rendered":"<p>Se trata de uno de los modelos que utiliza el presidente ruso Vlad\u00edmir Putin. Vladimir Pesnya\u00a0\/ Sputnik https:\/\/youtu.be\/kIfB7EMeBuQ En la Red se han difundido im\u00e1genes del interior de la limusina de fabricaci\u00f3n rusa Aurus, perteneciente al proyecto estatal Kortezh. Se trata de uno de los modelos que\u00a0usa\u00a0el presidente de Rusia, Vlad\u00edmir Putin. Seg\u00fan el reportero del canal de televisi\u00f3n Zvezda, que tuvo\u00a0acceso\u00a0al veh\u00edculo, el interior del Aurus tiene acabados de madera y cuero natural, mientras que en el lugar del tradicional tablero hay dos monitores que muestran toda la informaci\u00f3n&hellip;<\/p>\n","protected":false},"author":3,"featured_media":272,"comment_status":"open","ping_status":"open","sticky":false,"template":"","format":"standard","meta":{"rop_custom_images_group":[],"rop_custom_messages_group":[],"rop_publish_now":"initial","rop_publish_now_accounts":[],"rop_publish_now_history":[],"rop_publish_now_status":"pending","footnotes":""},"categories":[2],"tags":[],"class_list":["post-271","post","type-post","status-publish","format-standard","has-post-thumbnail","hentry","category-actualidad"],"_links":{"self":[{"href":"https:\/\/larepublicanews.com.do\/live\/wp-json\/wp\/v2\/posts\/271","targetHints":{"allow":["GET"]}}],"collection":[{"href":"https:\/\/larepublicanews.com.do\/live\/wp-json\/wp\/v2\/posts"}],"about":[{"href":"https:\/\/larepublicanews.com.do\/live\/wp-json\/wp\/v2\/types\/post"}],"author":[{"embeddable":true,"href":"https:\/\/larepublicanews.com.do\/live\/wp-json\/wp\/v2\/users\/3"}],"replies":[{"embeddable":true,"href":"https:\/\/larepublicanews.com.do\/live\/wp-json\/wp\/v2\/comments?post=271"}],"version-history":[{"count":0,"href":"https:\/\/larepublicanews.com.do\/live\/wp-json\/wp\/v2\/posts\/271\/revisions"}],"wp:featuredmedia":[{"embeddable":true,"href":"https:\/\/larepublicanews.com.do\/live\/wp-json\/wp\/v2\/media\/272"}],"wp:attachment":[{"href":"https:\/\/larepublicanews.com.do\/live\/wp-json\/wp\/v2\/media?parent=271"}],"wp:term":[{"taxonomy":"category","embeddable":true,"href":"https:\/\/larepublicanews.com.do\/live\/wp-json\/wp\/v2\/categories?post=271"},{"taxonomy":"post_tag","embeddable":true,"href":"https:\/\/larepublicanews.com.do\/live\/wp-json\/wp\/v2\/tags?post=271"}],"curies":[{"name":"wp","href":"https:\/\/api.w.org\/{rel}","templated":true}]}}