{"id":265,"date":"2019-02-15T18:41:50","date_gmt":"2019-02-15T18:41:50","guid":{"rendered":"http:\/\/diario24news.com\/hoy\/?p=265"},"modified":"2019-02-15T18:41:50","modified_gmt":"2019-02-15T18:41:50","slug":"jason-momoa-el-aquaman-que-levanta-suspiros-se-unira-a-la-cinta-de-dune","status":"publish","type":"post","link":"https:\/\/larepublicanews.com.do\/live\/jason-momoa-el-aquaman-que-levanta-suspiros-se-unira-a-la-cinta-de-dune\/","title":{"rendered":"Jason Momoa, el Aquaman que levanta suspiros, se unir\u00e1 a la cinta de \u00abDune\u00bb"},"content":{"rendered":"<p>El actor estadounidense Jason Momoa negocia unirse al reparto de la nueva versi\u00f3n de \u00abDune\u00bb que prepara el realizador canadiense Denis Villeneuve, seg\u00fan inform el medio especializado The Wrap.<\/p>\n<p>Si las negociaciones concluyeran con un acuerdo, Momoa formar\u00eda parte de un elenco de grandes nombres del cine en el que ya figuran Timoth\u00e9e Chalamet, Javier Bardem, Rebecca Ferguson, Dave Bautista, Stellan Skarsg\u00e5rd, \u00d3scar Isaac, Zendaya, Josh Brolin y Charlotte Rampling<\/p>\n<p>Momoa, que salt\u00f3 a la fama gracias a la serie \u00abGame of Thrones\u00bb, est\u00e1 viviendo un gran momento profesional gracias a \u00abAquaman\u00bb (2018), cinta que recaud\u00f3 en todo el mundo 1.122 millones de d\u00f3lares.<\/p>\n<p>En la nueva \u00abDune\u00bb, Chalamet, nominado al \u00d3scar por \u00abCall Me By Your Name\u00bb (2017), ser\u00e1 el protagonista de la historia asumiendo el papel que hizo Kyle MacLachlan en la cinta original, estrenada en 1984 y dirigida por David Lynch.<\/p>\n<p>El guion de la nueva pel\u00edcula corre a cargo del propio Villeneuve junto a Eric Roth y Jon Spaihts.<\/p>\n<p>Villeneuve es uno de los directores m\u00e1s cotizados de Hollywood tras firmar cintas como \u00abSicario\u00bb (2015), \u00abArrival\u00bb (2016) y \u00abBlade Runner 2049\u00bb (2017).<\/p>\n<p>\u00abDune\u00bb traslada la acci\u00f3n a un futuro lejano y una serie de mundos gobernados por familias feudales rivales que controlan el acceso a una droga llamada \u00abMelange\u00bb, que alarga la vida.<\/p>\n<p>La adaptaci\u00f3n de Lynch, que cont\u00f3 con numerosos problemas en el rodaje y m\u00faltiples discusiones sobre la versi\u00f3n que finalmente lleg\u00f3 a los cines, tuvo en su elenco a Virginia Madsen, Francesca Annis y el actor puertorrique\u00f1o Jos\u00e9 Ferrer.<\/p>\n","protected":false},"excerpt":{"rendered":"<p>El actor estadounidense Jason Momoa negocia unirse al reparto de la nueva versi\u00f3n de \u00abDune\u00bb que prepara el realizador canadiense Denis Villeneuve, seg\u00fan inform el medio especializado The Wrap. Si las negociaciones concluyeran con un acuerdo, Momoa formar\u00eda parte de un elenco de grandes nombres del cine en el que ya figuran Timoth\u00e9e Chalamet, Javier Bardem, Rebecca Ferguson, Dave Bautista, Stellan Skarsg\u00e5rd, \u00d3scar Isaac, Zendaya, Josh Brolin y Charlotte Rampling Momoa, que salt\u00f3 a la fama gracias a la serie \u00abGame of Thrones\u00bb, est\u00e1 viviendo un gran momento profesional gracias&hellip;<\/p>\n","protected":false},"author":3,"featured_media":266,"comment_status":"open","ping_status":"open","sticky":false,"template":"","format":"standard","meta":{"rop_custom_images_group":[],"rop_custom_messages_group":[],"rop_publish_now":"initial","rop_publish_now_accounts":[],"rop_publish_now_history":[],"rop_publish_now_status":"pending","footnotes":""},"categories":[13],"tags":[],"class_list":["post-265","post","type-post","status-publish","format-standard","has-post-thumbnail","hentry","category-entretenimiento"],"_links":{"self":[{"href":"https:\/\/larepublicanews.com.do\/live\/wp-json\/wp\/v2\/posts\/265","targetHints":{"allow":["GET"]}}],"collection":[{"href":"https:\/\/larepublicanews.com.do\/live\/wp-json\/wp\/v2\/posts"}],"about":[{"href":"https:\/\/larepublicanews.com.do\/live\/wp-json\/wp\/v2\/types\/post"}],"author":[{"embeddable":true,"href":"https:\/\/larepublicanews.com.do\/live\/wp-json\/wp\/v2\/users\/3"}],"replies":[{"embeddable":true,"href":"https:\/\/larepublicanews.com.do\/live\/wp-json\/wp\/v2\/comments?post=265"}],"version-history":[{"count":0,"href":"https:\/\/larepublicanews.com.do\/live\/wp-json\/wp\/v2\/posts\/265\/revisions"}],"wp:featuredmedia":[{"embeddable":true,"href":"https:\/\/larepublicanews.com.do\/live\/wp-json\/wp\/v2\/media\/266"}],"wp:attachment":[{"href":"https:\/\/larepublicanews.com.do\/live\/wp-json\/wp\/v2\/media?parent=265"}],"wp:term":[{"taxonomy":"category","embeddable":true,"href":"https:\/\/larepublicanews.com.do\/live\/wp-json\/wp\/v2\/categories?post=265"},{"taxonomy":"post_tag","embeddable":true,"href":"https:\/\/larepublicanews.com.do\/live\/wp-json\/wp\/v2\/tags?post=265"}],"curies":[{"name":"wp","href":"https:\/\/api.w.org\/{rel}","templated":true}]}}