{"id":256,"date":"2019-02-15T18:27:39","date_gmt":"2019-02-15T18:27:39","guid":{"rendered":"http:\/\/diario24news.com\/hoy\/?p=256"},"modified":"2019-02-15T18:27:39","modified_gmt":"2019-02-15T18:27:39","slug":"ferrari-presenta-el-sf90-el-nuevo-monoplaza-de-vettel-y-leclerc","status":"publish","type":"post","link":"https:\/\/larepublicanews.com.do\/live\/ferrari-presenta-el-sf90-el-nuevo-monoplaza-de-vettel-y-leclerc\/","title":{"rendered":"Ferrari presenta el SF90, el nuevo monoplaza de Vettel y Leclerc"},"content":{"rendered":"<p>La escuder\u00eda italiana Ferrari present\u00f3 este viernes el SF90, el nuevo monoplaza con el que competir\u00e1n el alem\u00e1n Sebastian Vettel y el monegasco Charles Leclerc en el Mundial de 2019 de la F\u00f3rmula Uno.<\/p>\n<p>El nuevo b\u00f3lido, llamado SF90 en honor al 90 aniversario del nacimiento de la escuder\u00eda Ferrari, fue presentado en un evento organizado en Maranello (M\u00f3dena) y destaca por su color rojo opaco, una novedad con respecto al rojo brillante visto en los a\u00f1os pasados.<\/p>\n<p>\u00abEl color opaco es espl\u00e9ndido. Empezamos el desarrollo en 2018 y esto no es una revoluci\u00f3n, sino una evoluci\u00f3n de los monoplazas precedentes\u00bb, dijo Mattia Binotto, nuevo director del equipo, que sustituy\u00f3 el pasado 7 de enero a Maurizio Arrivabene.<\/p>\n<p>\u00abTratamos de llevar todo al l\u00edmite, de ser innovadores\u00bb, prosigui\u00f3 el directivo italiano, quien particip\u00f3 en el acto de presentaci\u00f3n junto al presidente de Ferrari, John Elkan, y el consejero delegado, el malt\u00e9s Louis Carey Camilleri.<\/p>\n<p>Tambi\u00e9n hay una notable diferencia en la parte posterior del chasis del monoplaza, mucho m\u00e1s estrecho con respecto al que se vio en 2018.<\/p>\n<p>Vettel y Leclerc estrenar\u00e1n el nuevo coche el pr\u00f3ximo 18 de febrero en las pruebas de Barcelona, para preparar una temporada en la que Ferrari quiere acabar con cinco a\u00f1os consecutivos de dominio de Mercedes.<\/p>\n<p>La escuder\u00eda del caballo rampante no gana un Mundial desde 2007, cuando triunf\u00f3 el finland\u00e9s Kimi Raikkonen.<\/p>\n<p>\u00abEstamos muy emocionados, empezamos a ver el nuevo coche. Es la primera vez que lo veo en su versi\u00f3n completa. Lamentablemente no puedo entrar ahora y correr, pero falta poco\u00bb, brome\u00f3 Vettel, satisfecho por el nuevo b\u00f3lido.<\/p>\n<p>\u00abEs incre\u00edble ver c\u00f3mo se combina el trabajo de todos\u00bb, agreg\u00f3 el cuatro vez campe\u00f3n del mundo.<\/p>\n<p>El alem\u00e1n competir\u00e1 este a\u00f1o junto a Leclerc, que sustituy\u00f3 a Raikkonen, que pas\u00f3 a Alfa Romeo Sauber, y que se convirti\u00f3 en el piloto m\u00e1s joven al mando de un monoplaza de Ferrari desde 1961, por detr\u00e1s del mexicano Ricardo Rodr\u00edguez.<\/p>\n<p>\u00abEstoy extremadamente emocionado, es un sue\u00f1o que ten\u00eda desde que era ni\u00f1o. Trabajar con Vettel, m\u00e1s que tensi\u00f3n, es una oportunidad para aprender de un gran campe\u00f3n\u00bb, dijo Leclerc, que compiti\u00f3 con Alfa Romeo Sauber el curso pasado, con una sexta plaza en Azerbaiy\u00e1n como mejor resultado.<\/p>\n<p>Ferrari, que acab\u00f3 segundo tanto en la clasificaci\u00f3n de pilotos como en la de constructores en el Mundial de 2018, debutar\u00e1 en la nueva temporada el 17 de marzo en Melbourne, Australia.<\/p>\n","protected":false},"excerpt":{"rendered":"<p>La escuder\u00eda italiana Ferrari present\u00f3 este viernes el SF90, el nuevo monoplaza con el que competir\u00e1n el alem\u00e1n Sebastian Vettel y el monegasco Charles Leclerc en el Mundial de 2019 de la F\u00f3rmula Uno. El nuevo b\u00f3lido, llamado SF90 en honor al 90 aniversario del nacimiento de la escuder\u00eda Ferrari, fue presentado en un evento organizado en Maranello (M\u00f3dena) y destaca por su color rojo opaco, una novedad con respecto al rojo brillante visto en los a\u00f1os pasados. \u00abEl color opaco es espl\u00e9ndido. Empezamos el desarrollo en 2018 y esto&hellip;<\/p>\n","protected":false},"author":3,"featured_media":257,"comment_status":"open","ping_status":"open","sticky":false,"template":"","format":"standard","meta":{"rop_custom_images_group":[],"rop_custom_messages_group":[],"rop_publish_now":"initial","rop_publish_now_accounts":[],"rop_publish_now_history":[],"rop_publish_now_status":"pending","footnotes":""},"categories":[6],"tags":[],"class_list":["post-256","post","type-post","status-publish","format-standard","has-post-thumbnail","hentry","category-sports"],"_links":{"self":[{"href":"https:\/\/larepublicanews.com.do\/live\/wp-json\/wp\/v2\/posts\/256","targetHints":{"allow":["GET"]}}],"collection":[{"href":"https:\/\/larepublicanews.com.do\/live\/wp-json\/wp\/v2\/posts"}],"about":[{"href":"https:\/\/larepublicanews.com.do\/live\/wp-json\/wp\/v2\/types\/post"}],"author":[{"embeddable":true,"href":"https:\/\/larepublicanews.com.do\/live\/wp-json\/wp\/v2\/users\/3"}],"replies":[{"embeddable":true,"href":"https:\/\/larepublicanews.com.do\/live\/wp-json\/wp\/v2\/comments?post=256"}],"version-history":[{"count":0,"href":"https:\/\/larepublicanews.com.do\/live\/wp-json\/wp\/v2\/posts\/256\/revisions"}],"wp:featuredmedia":[{"embeddable":true,"href":"https:\/\/larepublicanews.com.do\/live\/wp-json\/wp\/v2\/media\/257"}],"wp:attachment":[{"href":"https:\/\/larepublicanews.com.do\/live\/wp-json\/wp\/v2\/media?parent=256"}],"wp:term":[{"taxonomy":"category","embeddable":true,"href":"https:\/\/larepublicanews.com.do\/live\/wp-json\/wp\/v2\/categories?post=256"},{"taxonomy":"post_tag","embeddable":true,"href":"https:\/\/larepublicanews.com.do\/live\/wp-json\/wp\/v2\/tags?post=256"}],"curies":[{"name":"wp","href":"https:\/\/api.w.org\/{rel}","templated":true}]}}