{"id":2284,"date":"2024-04-15T21:53:12","date_gmt":"2024-04-15T21:53:12","guid":{"rendered":"https:\/\/larepublicanews.com.do\/live\/?p=2284"},"modified":"2024-04-15T21:53:12","modified_gmt":"2024-04-15T21:53:12","slug":"alerta-economica-en-republica-dominicana-abinader-bajo-fuego-por-crisis-de-precios-y-crecimiento-estancado","status":"publish","type":"post","link":"https:\/\/larepublicanews.com.do\/live\/alerta-economica-en-republica-dominicana-abinader-bajo-fuego-por-crisis-de-precios-y-crecimiento-estancado\/","title":{"rendered":"\u00a1Alerta econ\u00f3mica en Rep\u00fablica Dominicana! Abinader bajo fuego por crisis de precios y crecimiento estancado"},"content":{"rendered":"<p>En los \u00faltimos a\u00f1os, la Rep\u00fablica Dominicana ha enfrentado desaf\u00edos econ\u00f3micos significativos, marcados por un crecimiento del PIB por debajo de las expectativas y una escalada en los precios de los productos b\u00e1sicos. El presidente y l\u00edder del partido Fuerza del Pueblo, Leonel Fern\u00e1ndez, ha se\u00f1alado al gobierno de Luis Abinader como responsable de esta situaci\u00f3n. En este art\u00edculo, analizaremos el impacto de las pol\u00edticas gubernamentales en la econom\u00eda dominicana y exploraremos las perspectivas de diversos sectores de la sociedad afectados por esta crisis.<\/p>\n<h2>El contexto econ\u00f3mico dominicano<\/h2>\n<p>Seg\u00fan Fern\u00e1ndez, en los \u00faltimos 31 meses, el crecimiento del PIB apenas ha alcanzado el 2.4%, muy por debajo de la tasa promedio anual de crecimiento del 5% que el pa\u00eds sol\u00eda mantener. Esta desaceleraci\u00f3n econ\u00f3mica ha coincidido con un aumento alarmante en los precios de los alimentos y otros productos b\u00e1sicos, lo que ha exacerbado las dificultades econ\u00f3micas de la poblaci\u00f3n dominicana.<\/p>\n<p>Hist\u00f3ricamente, la Rep\u00fablica Dominicana ha sido uno de los pa\u00edses de Am\u00e9rica Latina con mayor crecimiento econ\u00f3mico, gracias a pol\u00edticas que fomentaban la inversi\u00f3n y el desarrollo. Sin embargo, bajo el gobierno de Abinader, parece haberse producido un estancamiento en el crecimiento, lo que ha generado preocupaci\u00f3n en diversos sectores de la sociedad.<\/p>\n<h4>Impacto en la poblaci\u00f3n<\/h4>\n<p>La crisis econ\u00f3mica ha afectado especialmente a los sectores m\u00e1s vulnerables de la sociedad dominicana. En un encuentro con representantes de los medios de comunicaci\u00f3n, Leonel Fern\u00e1ndez escuch\u00f3 los testimonios de personas que luchan por hacer frente al aumento de los precios y los costos operativos.<\/p>\n<p>Por ejemplo, Feliciana de La Paz, residente en el sector Maquiteria, describi\u00f3 c\u00f3mo el alto costo de la vida ha afectado su capacidad para adquirir alimentos b\u00e1sicos. Del mismo modo, Dary Antonio D\u00edaz, un peluquero local, expres\u00f3 su preocupaci\u00f3n por el incremento en los costos operativos de su negocio y la disminuci\u00f3n en la asistencia de los clientes, lo que ha impactado negativamente en sus ingresos y en su capacidad para mantener a su familia.<\/p>\n<h4>An\u00e1lisis de la situaci\u00f3n<\/h4>\n<p>El testimonio de estos ciudadanos refleja una realidad preocupante: la crisis econ\u00f3mica no solo se limita a las cifras macroecon\u00f3micas, sino que tiene consecuencias tangibles en la vida cotidiana de los dominicanos. El aumento en los precios de los alimentos y otros productos b\u00e1sicos est\u00e1 erosionando el poder adquisitivo de la poblaci\u00f3n y generando un clima de incertidumbre econ\u00f3mica.<\/p>\n<p>Desde una perspectiva pol\u00edtica, es necesario analizar las pol\u00edticas implementadas por el gobierno de Abinader y su impacto en la econom\u00eda. Si bien es cierto que la situaci\u00f3n econ\u00f3mica puede estar influenciada por factores externos, como la pandemia de COVID-19, tambi\u00e9n es importante evaluar si las pol\u00edticas gubernamentales han sido efectivas para mitigar los efectos negativos de esta crisis.<\/p>\n<h5>Conclusiones<\/h5>\n<p>En conclusi\u00f3n, la Rep\u00fablica Dominicana enfrenta actualmente una crisis econ\u00f3mica caracterizada por un crecimiento del PIB por debajo de las expectativas y un aumento en los precios de los alimentos y otros productos b\u00e1sicos. Si bien Leonel Fern\u00e1ndez atribuye esta situaci\u00f3n al supuesto mal manejo del gobierno de Abinader, es necesario realizar un an\u00e1lisis m\u00e1s detallado de las pol\u00edticas econ\u00f3micas implementadas y su impacto en la poblaci\u00f3n dominicana.<\/p>\n<p>En \u00faltima instancia, superar esta crisis requerir\u00e1 un esfuerzo conjunto de todos los actores pol\u00edticos y sociales del pa\u00eds, con el objetivo de implementar medidas efectivas que impulsen el crecimiento econ\u00f3mico y mejoren las condiciones de vida de la poblaci\u00f3n.<\/p>\n","protected":false},"excerpt":{"rendered":"<p>En los \u00faltimos a\u00f1os, la Rep\u00fablica Dominicana ha enfrentado desaf\u00edos econ\u00f3micos significativos, marcados por un crecimiento del PIB por debajo de las expectativas y una escalada en los precios de los productos b\u00e1sicos. El presidente y l\u00edder del partido Fuerza del Pueblo, Leonel Fern\u00e1ndez, ha se\u00f1alado al gobierno de Luis Abinader como responsable de esta situaci\u00f3n. En este art\u00edculo, analizaremos el impacto de las pol\u00edticas gubernamentales en la econom\u00eda dominicana y exploraremos las perspectivas de diversos sectores de la sociedad afectados por esta crisis. El contexto econ\u00f3mico dominicano Seg\u00fan Fern\u00e1ndez,&hellip;<\/p>\n","protected":false},"author":2,"featured_media":2285,"comment_status":"open","ping_status":"open","sticky":false,"template":"","format":"standard","meta":{"rop_custom_images_group":[],"rop_custom_messages_group":[],"rop_publish_now":"initial","rop_publish_now_accounts":[],"rop_publish_now_history":[],"rop_publish_now_status":"pending","footnotes":""},"categories":[20],"tags":[],"class_list":["post-2284","post","type-post","status-publish","format-standard","has-post-thumbnail","hentry","category-leonel-fernandez"],"_links":{"self":[{"href":"https:\/\/larepublicanews.com.do\/live\/wp-json\/wp\/v2\/posts\/2284","targetHints":{"allow":["GET"]}}],"collection":[{"href":"https:\/\/larepublicanews.com.do\/live\/wp-json\/wp\/v2\/posts"}],"about":[{"href":"https:\/\/larepublicanews.com.do\/live\/wp-json\/wp\/v2\/types\/post"}],"author":[{"embeddable":true,"href":"https:\/\/larepublicanews.com.do\/live\/wp-json\/wp\/v2\/users\/2"}],"replies":[{"embeddable":true,"href":"https:\/\/larepublicanews.com.do\/live\/wp-json\/wp\/v2\/comments?post=2284"}],"version-history":[{"count":1,"href":"https:\/\/larepublicanews.com.do\/live\/wp-json\/wp\/v2\/posts\/2284\/revisions"}],"predecessor-version":[{"id":2286,"href":"https:\/\/larepublicanews.com.do\/live\/wp-json\/wp\/v2\/posts\/2284\/revisions\/2286"}],"wp:featuredmedia":[{"embeddable":true,"href":"https:\/\/larepublicanews.com.do\/live\/wp-json\/wp\/v2\/media\/2285"}],"wp:attachment":[{"href":"https:\/\/larepublicanews.com.do\/live\/wp-json\/wp\/v2\/media?parent=2284"}],"wp:term":[{"taxonomy":"category","embeddable":true,"href":"https:\/\/larepublicanews.com.do\/live\/wp-json\/wp\/v2\/categories?post=2284"},{"taxonomy":"post_tag","embeddable":true,"href":"https:\/\/larepublicanews.com.do\/live\/wp-json\/wp\/v2\/tags?post=2284"}],"curies":[{"name":"wp","href":"https:\/\/api.w.org\/{rel}","templated":true}]}}