{"id":227,"date":"2019-02-12T13:01:28","date_gmt":"2019-02-12T13:01:28","guid":{"rendered":"http:\/\/diario24news.com\/hoy\/?p=227"},"modified":"2019-02-12T13:01:28","modified_gmt":"2019-02-12T13:01:28","slug":"leonel-fernandez-adelanta-que-en-una-proxima-gestion-gobernara-con-la-juventud","status":"publish","type":"post","link":"https:\/\/larepublicanews.com.do\/live\/leonel-fernandez-adelanta-que-en-una-proxima-gestion-gobernara-con-la-juventud\/","title":{"rendered":"Leonel Fern\u00e1ndez adelanta que en una pr\u00f3xima gesti\u00f3n gobernar\u00e1 con la juventud\u00a0"},"content":{"rendered":"<p>El expresidente Leonel Fern\u00e1ndez asegur\u00f3 este domingo que los j\u00f3venes necesitan tener una educaci\u00f3n de mayor calidad para que tengan posibilidad de acceso a empleos y formaci\u00f3n tecnol\u00f3gica, como forma de desarrollarse dignamente.<\/p>\n<p>Al hablar en un acto art\u00edstico en el Parque del Este, que cerr\u00f3 el Festival Juvenil Leonel 2020, sostuvo que la juventud dominicana sufre el impacto directo del contexto econ\u00f3mico internacional.<!--more--><\/p>\n<p>Coment\u00f3 que los j\u00f3venes dominicanos deben estar preparados para insertarse en un contexto tecnol\u00f3gico donde prevalezcan la rob\u00f3tica, los drones y la inteligencia artificial.<\/p>\n<p>Agreg\u00f3 que para eso, en un pr\u00f3ximo gobierno suyo, a partir del a\u00f1o 2020, incluir\u00e1 bibliotecas virtuales en cada escuela p\u00fablica, peri\u00f3dicos digitales y condiciones para hacer producciones en YouTube y otras plataformas tecnol\u00f3gicas.<\/p>\n<p>\u201cNuestro programa de gobierno va a contemplar que los j\u00f3venes dominicanos realicen pasant\u00edas en los gigantes tecnol\u00f3gicos como Silicon Valey\u201d, enfatiz\u00f3, en el anfiteatro del Parque del Este con j\u00f3venes del Distrito Nacional y el Gran Santo Domingo.<\/p>\n<p>Sobre el primer empleo, prometi\u00f3 crear programas de incentivos empresariales para motivar la creaci\u00f3n de puestos de trabajo en todo el territorio nacional, que abarque a toda la juventud desempleada.<\/p>\n<p>Asimismo, visualiza que los propios j\u00f3venes emprendedores creen empleos a trav\u00e9s de empresas incubadoras y asegur\u00f3 la juventud dominicana y el pueblo, merecen vivir en condiciones dignas, con empleos de calidad y salarios justos.<\/p>\n<p>Record\u00f3 que el 60 por ciento de la poblaci\u00f3n de Rep\u00fablica Dominicana tiene menos de 35 a\u00f1os, por lo que una pr\u00f3xima administraci\u00f3n suya deber\u00e1 gobernar con la juventud.<\/p>\n<p>El Festival<\/p>\n<p>En una actividad \u00fanica en su clase, organizada por el l\u00edder pol\u00edtico, el presidente Fern\u00e1ndez comparti\u00f3 con miles de j\u00f3venes que se congregaron en las instalaciones del Parque del Este, donde se integr\u00f3 a jugar ajedrez, domin\u00f3 y baloncesto.<\/p>\n<p>El exmandatario recorri\u00f3 el \u00e1rea del Festival Juventud Leonel 2020 acompa\u00f1ado de su hijo, Omar Fern\u00e1ndez, y la coordinadora de Juventud con Leonel (JUDEL), Claritza de la Cruz, as\u00ed como dirigentes de los movimientos juveniles que apoyan sus aspiraciones pol\u00edticas.<\/p>\n<p>Bajo una lluvia tenue y, en ocasiones con un fuerte sol, Fern\u00e1ndez convers\u00f3 con los miles de j\u00f3venes que se dedicaban a la pr\u00e1ctica del baloncesto, beisbol, voleibol, f\u00fatbol soccer, vitilla, ajedrez, domin\u00f3, artes pl\u00e1sticas y actividades recreativas.<\/p>\n<p>Igualmente, escuch\u00f3 a muchachos j\u00f3venes de diferentes barrios de la capital y del interior del pa\u00eds que improvisaron reguetones con contenidos pol\u00edticos y culturales.<\/p>\n<p>El doctor Fern\u00e1ndez tambi\u00e9n hizo reflexiones en el foro titulado: \u201cLa Constituci\u00f3n como garante de la democracia\u201d, en el que participaron l\u00edderes juveniles y un amplio p\u00fablico.<\/p>\n<p>En el mismo, el exmandatario dijo que se sent\u00eda orgulloso de ver tantos j\u00f3venes analizando un tema tan importante como es el de\u00a0 la Carta Magna y hab\u00eda quedado maravillado por tanta juventud en pr\u00e1cticas deportivas y actividades culturales.<\/p>\n<p>A la llegada del expresidente, una gran multitud se avalanz\u00f3 sobre \u00e9l, lo que dificultaba su desplazamiento y la seguridad del exmandatario se vio desbordada por el \u00edmpetu de los j\u00f3venes al tratar de tocarlo y hablarle, hacerse fotograf\u00edas y videos.<\/p>\n<p>Fern\u00e1ndez lleg\u00f3 a las 11:15 de la ma\u00f1ana, hizo un recorrido por los diferentes m\u00f3dulos dedicados a juegos, desarrollo de actividades culturales, competencias y paneles de discusi\u00f3n. Se retir\u00f3 pasado el mediod\u00eda y retorn\u00f3 en horas de la tarde para encabezar una multitudinaria concentraci\u00f3n de miles de j\u00f3venes.<\/p>\n<p>El Caribe<\/p>\n","protected":false},"excerpt":{"rendered":"<p>El expresidente Leonel Fern\u00e1ndez asegur\u00f3 este domingo que los j\u00f3venes necesitan tener una educaci\u00f3n de mayor calidad para que tengan posibilidad de acceso a empleos y formaci\u00f3n tecnol\u00f3gica, como forma de desarrollarse dignamente. Al hablar en un acto art\u00edstico en el Parque del Este, que cerr\u00f3 el Festival Juvenil Leonel 2020, sostuvo que la juventud dominicana sufre el impacto directo del contexto econ\u00f3mico internacional.<\/p>\n","protected":false},"author":3,"featured_media":228,"comment_status":"open","ping_status":"open","sticky":false,"template":"","format":"standard","meta":{"rop_custom_images_group":[],"rop_custom_messages_group":[],"rop_publish_now":"initial","rop_publish_now_accounts":[],"rop_publish_now_history":[],"rop_publish_now_status":"pending","footnotes":""},"categories":[24],"tags":[],"class_list":["post-227","post","type-post","status-publish","format-standard","has-post-thumbnail","hentry","category-politica"],"_links":{"self":[{"href":"https:\/\/larepublicanews.com.do\/live\/wp-json\/wp\/v2\/posts\/227","targetHints":{"allow":["GET"]}}],"collection":[{"href":"https:\/\/larepublicanews.com.do\/live\/wp-json\/wp\/v2\/posts"}],"about":[{"href":"https:\/\/larepublicanews.com.do\/live\/wp-json\/wp\/v2\/types\/post"}],"author":[{"embeddable":true,"href":"https:\/\/larepublicanews.com.do\/live\/wp-json\/wp\/v2\/users\/3"}],"replies":[{"embeddable":true,"href":"https:\/\/larepublicanews.com.do\/live\/wp-json\/wp\/v2\/comments?post=227"}],"version-history":[{"count":0,"href":"https:\/\/larepublicanews.com.do\/live\/wp-json\/wp\/v2\/posts\/227\/revisions"}],"wp:featuredmedia":[{"embeddable":true,"href":"https:\/\/larepublicanews.com.do\/live\/wp-json\/wp\/v2\/media\/228"}],"wp:attachment":[{"href":"https:\/\/larepublicanews.com.do\/live\/wp-json\/wp\/v2\/media?parent=227"}],"wp:term":[{"taxonomy":"category","embeddable":true,"href":"https:\/\/larepublicanews.com.do\/live\/wp-json\/wp\/v2\/categories?post=227"},{"taxonomy":"post_tag","embeddable":true,"href":"https:\/\/larepublicanews.com.do\/live\/wp-json\/wp\/v2\/tags?post=227"}],"curies":[{"name":"wp","href":"https:\/\/api.w.org\/{rel}","templated":true}]}}