{"id":2253,"date":"2023-10-22T18:48:18","date_gmt":"2023-10-22T18:48:18","guid":{"rendered":"https:\/\/larepublicanews.com.do\/live\/?p=2253"},"modified":"2023-10-22T18:48:18","modified_gmt":"2023-10-22T18:48:18","slug":"bis-aprueba-de-manera-oficial-llevar-a-leonel-fernandez-como-candidato-presidencial-en-alianza","status":"publish","type":"post","link":"https:\/\/larepublicanews.com.do\/live\/bis-aprueba-de-manera-oficial-llevar-a-leonel-fernandez-como-candidato-presidencial-en-alianza\/","title":{"rendered":"BIS aprueba de manera oficial llevar a Leonel Fern\u00e1ndez como candidato presidencial en alianza"},"content":{"rendered":"<p>Por tercera ocasi\u00f3n Leonel ser\u00e1 candidato del BIS<\/p>\n<p>*Santo Domingo.-* El Bloque Institucional Socialdem\u00f3crata (BIS) aprob\u00f3 este domingo de manera oficial llevar a Leonel Fern\u00e1ndez como candidato presidencial, en alianza para las elecciones de mayo del a\u00f1o 2024.<\/p>\n<p>La decisi\u00f3n se tom\u00f3 en la XVI Convenci\u00f3n Nacional Extraordinaria del BIS, celebrada en el Club de la Asociaci\u00f3n de Mayoristas, ubicado en la avenida 27 de Febrero, esquina Dr. Defill\u00f3, del Distrito Nacional.<\/p>\n<p>Con el apoyo del BIS a las aspiraciones presidenciales de Leonel Fern\u00e1ndez se ampl\u00eda la conformaci\u00f3n del gran frente opositor, de cara a los procesos electorales del pr\u00f3ximo a\u00f1o. Anteriormente el Partido Quisqueyano Dem\u00f3crata Cristiano (PQDC), el Partido Dem\u00f3crata Institucional (PDI), el Movimiento Rebelde, el Movimiento V Rep\u00fablica, entre otras entidades pol\u00edticas hab\u00edan hecho p\u00fablico el apoyo al candidato que todas las encuestas presentan en constante crecimiento, Leonel Fern\u00e1ndez.<\/p>\n<p>En el marco de la celebraci\u00f3n de la XVI Convenci\u00f3n Nacional Extraordinaria de la entidad pol\u00edtica que dirige uno de los hijos del extinto l\u00edder masas, Jos\u00e9 Francisco Pe\u00f1a G\u00f3mez, Jos\u00e9 Francisco Pe\u00f1a Guaba, Fern\u00e1ndez recibi\u00f3 el apoyo entusiasta de cientos de dirigentes.<\/p>\n<p>La propuesta de la candidatura presidencial de Leonel Fern\u00e1ndez fue presentada a la asamblea por Pe\u00f1a Guaba, el cual tras la aprobaci\u00f3n un\u00e1nime de los presentes, dijo: \u201cPor tercera vez llevamos como candidato presidencial al aliado y amigo del BIS, Leonel Fern\u00e1ndez\u201d.<\/p>\n<p>El BlS es uno de los partidos pol\u00edticos que ha estado gestando la conformaci\u00f3n de la gran alianza opositora que lleva a Leonel Fern\u00e1ndez a la presidencia de la Rep\u00fablica Dominicana, seg\u00fan lo ha confirmado mismo el presidente de esta organizaci\u00f3n, Jos\u00e9 Francisco Pe\u00f1a Guaba, qui\u00e9n en reiteradas ocasiones se ha expresado en ese sentido.<\/p>\n<p>*Secretar\u00eda de Comunicaciones*<br \/>\n*Fuerza del Pueblo*<\/p>\n","protected":false},"excerpt":{"rendered":"<p>Por tercera ocasi\u00f3n Leonel ser\u00e1 candidato del BIS *Santo Domingo.-* El Bloque Institucional Socialdem\u00f3crata (BIS) aprob\u00f3 este domingo de manera oficial llevar a Leonel Fern\u00e1ndez como candidato presidencial, en alianza para las elecciones de mayo del a\u00f1o 2024. La decisi\u00f3n se tom\u00f3 en la XVI Convenci\u00f3n Nacional Extraordinaria del BIS, celebrada en el Club de la Asociaci\u00f3n de Mayoristas, ubicado en la avenida 27 de Febrero, esquina Dr. Defill\u00f3, del Distrito Nacional. Con el apoyo del BIS a las aspiraciones presidenciales de Leonel Fern\u00e1ndez se ampl\u00eda la conformaci\u00f3n del gran&hellip;<\/p>\n","protected":false},"author":2,"featured_media":2254,"comment_status":"open","ping_status":"open","sticky":false,"template":"","format":"standard","meta":{"rop_custom_images_group":[],"rop_custom_messages_group":[],"rop_publish_now":"initial","rop_publish_now_accounts":[],"rop_publish_now_history":[],"rop_publish_now_status":"pending","footnotes":""},"categories":[2,515,24],"tags":[572,570,571,519,517,255,573],"class_list":["post-2253","post","type-post","status-publish","format-standard","has-post-thumbnail","hentry","category-actualidad","category-elecciones-2024","category-politica","tag-alianza-rescate","tag-bis","tag-francisco-pena-guaba","tag-fuerza-del-pueblo","tag-leonel-fernandez","tag-politica","tag-proclamacion"],"_links":{"self":[{"href":"https:\/\/larepublicanews.com.do\/live\/wp-json\/wp\/v2\/posts\/2253","targetHints":{"allow":["GET"]}}],"collection":[{"href":"https:\/\/larepublicanews.com.do\/live\/wp-json\/wp\/v2\/posts"}],"about":[{"href":"https:\/\/larepublicanews.com.do\/live\/wp-json\/wp\/v2\/types\/post"}],"author":[{"embeddable":true,"href":"https:\/\/larepublicanews.com.do\/live\/wp-json\/wp\/v2\/users\/2"}],"replies":[{"embeddable":true,"href":"https:\/\/larepublicanews.com.do\/live\/wp-json\/wp\/v2\/comments?post=2253"}],"version-history":[{"count":1,"href":"https:\/\/larepublicanews.com.do\/live\/wp-json\/wp\/v2\/posts\/2253\/revisions"}],"predecessor-version":[{"id":2255,"href":"https:\/\/larepublicanews.com.do\/live\/wp-json\/wp\/v2\/posts\/2253\/revisions\/2255"}],"wp:featuredmedia":[{"embeddable":true,"href":"https:\/\/larepublicanews.com.do\/live\/wp-json\/wp\/v2\/media\/2254"}],"wp:attachment":[{"href":"https:\/\/larepublicanews.com.do\/live\/wp-json\/wp\/v2\/media?parent=2253"}],"wp:term":[{"taxonomy":"category","embeddable":true,"href":"https:\/\/larepublicanews.com.do\/live\/wp-json\/wp\/v2\/categories?post=2253"},{"taxonomy":"post_tag","embeddable":true,"href":"https:\/\/larepublicanews.com.do\/live\/wp-json\/wp\/v2\/tags?post=2253"}],"curies":[{"name":"wp","href":"https:\/\/api.w.org\/{rel}","templated":true}]}}