{"id":2242,"date":"2023-10-04T03:06:43","date_gmt":"2023-10-04T03:06:43","guid":{"rendered":"https:\/\/larepublicanews.com.do\/live\/?p=2242"},"modified":"2023-10-04T03:21:15","modified_gmt":"2023-10-04T03:21:15","slug":"jeffrey-infante-consolida-su-precandidatura-como-alcalde-en-santiago-con-el-apoyo-del-ing-silvio-duran-y-todo-su-equipo","status":"publish","type":"post","link":"https:\/\/larepublicanews.com.do\/live\/jeffrey-infante-consolida-su-precandidatura-como-alcalde-en-santiago-con-el-apoyo-del-ing-silvio-duran-y-todo-su-equipo\/","title":{"rendered":"Jeffrey Infante consolida su precandidatura como Alcalde en Santiago con el apoyo del Ing. Silvio Dur\u00e1n y todo su equipo"},"content":{"rendered":"<p>SANTIAGO.- Jeffrey Infante, precandidato a Alcalde por Santiago y miembro de la Direcci\u00f3n Central de la Fuerza del Pueblo, recibi\u00f3 el decidido y contundente apoyo del Ing. Silvio Dur\u00e1n, ex precandidato tambi\u00e9n a la alcald\u00eda de Santiago, de igual forma se suman todos los equipos de Dur\u00e1n en las tres circunscripciones.<\/p>\n<p>\u201cEstoy agradecido con el compa\u00f1ero Silvio Dur\u00e1n, amigo que hoy compacta fuerzas con nosotros a favor de un proyecto de ciudad. Silvio me puso una condici\u00f3n, me dijo en privado algo que voy a revelar en p\u00fablico: \u2018Jeffrey, cuando seas alcalde yo quiero que mantengas las puertas de tu despacho abiertas como yo las ten\u00eda en el CODIA, en mi empresa y en CORAASAN\u2019. Y hoy te confirmo Silvio que de Santiago premiarme con su voto y su confianza, prometo ante Dios que el despacho, el Ayuntamiento y cada instancia de la administraci\u00f3n local estar\u00e1 abierta a Santiago e integrada por nuestros compa\u00f1eros y compa\u00f1eras\u201d<\/p>\n<p>Jeffrey Infante hizo referencia que a cuanto le preguntan que por qu\u00e9 aspira a alcalde, la respuesta m\u00e1s exacta que pueda dar es porque ama y est\u00e1 comprometido con la ciudad de Santiago: \u201cLa raz\u00f3n de mi respuesta es tambi\u00e9n l\u00f3gica, no s\u00f3lo somos nacidos y criados en este municipio, sino que nos hemos preparado para dirigir, administrar y encausar por mejores rutas el destino de Santiago\u201d.<\/p>\n<p>\u201cMi apoyo hoy, y de todo mi equipo, es porque entendemos que Jeffrey Infante desarrolla un programa de gobierno municipal con coincidencia, que reconoce el valor y la importancia de Santiago y su gente\u201d, expres\u00f3 el Ing. Silvio Dur\u00e1n.<\/p>\n<p>Jeffrey Infante indic\u00f3 que: \u201cRecibir el respaldo de un hombre como el compa\u00f1ero Silvio Dur\u00e1n es, sin dudas, es el reconocimiento m\u00e1s reconfortante que como pueblista puedo tener en este tramo de campa\u00f1a. Los dos somos ingenieros, los dos hemos trabajado por esta ciudad, los dos somos exigentes con nuestros trabajos pero creemos que primero est\u00e1 lo humano, los dos compartimos una visi\u00f3n futura en com\u00fan, los dos somos padres, los dos somos aguiluchos y somos de la Fuerza del Pueblo\u201d.<\/p>\n<p>Jeffrey Infante finaliz\u00f3 sus palabras comprometi\u00e9ndose a desarrollar e impulsar todas sus iniciativas y propuestas municipales, las cuales ser\u00e1n parte esencial del gobierno municipal de Jeffrey.<\/p>\n","protected":false},"excerpt":{"rendered":"<p>SANTIAGO.- Jeffrey Infante, precandidato a Alcalde por Santiago y miembro de la Direcci\u00f3n Central de la Fuerza del Pueblo, recibi\u00f3 el decidido y contundente apoyo del Ing. Silvio Dur\u00e1n, ex precandidato tambi\u00e9n a la alcald\u00eda de Santiago, de igual forma se suman todos los equipos de Dur\u00e1n en las tres circunscripciones. \u201cEstoy agradecido con el compa\u00f1ero Silvio Dur\u00e1n, amigo que hoy compacta fuerzas con nosotros a favor de un proyecto de ciudad. Silvio me puso una condici\u00f3n, me dijo en privado algo que voy a revelar en p\u00fablico: \u2018Jeffrey, cuando&hellip;<\/p>\n","protected":false},"author":2,"featured_media":2243,"comment_status":"open","ping_status":"open","sticky":false,"template":"","format":"standard","meta":{"rop_custom_images_group":[],"rop_custom_messages_group":[],"rop_publish_now":"initial","rop_publish_now_accounts":[],"rop_publish_now_history":[],"rop_publish_now_status":"pending","footnotes":""},"categories":[2,515,24],"tags":[564,565,519,563,152],"class_list":["post-2242","post","type-post","status-publish","format-standard","has-post-thumbnail","hentry","category-actualidad","category-elecciones-2024","category-politica","tag-alcaldia-de-santiago","tag-candidatos-alcaldes-santiago","tag-fuerza-del-pueblo","tag-jeffry-infante","tag-santiago"],"_links":{"self":[{"href":"https:\/\/larepublicanews.com.do\/live\/wp-json\/wp\/v2\/posts\/2242","targetHints":{"allow":["GET"]}}],"collection":[{"href":"https:\/\/larepublicanews.com.do\/live\/wp-json\/wp\/v2\/posts"}],"about":[{"href":"https:\/\/larepublicanews.com.do\/live\/wp-json\/wp\/v2\/types\/post"}],"author":[{"embeddable":true,"href":"https:\/\/larepublicanews.com.do\/live\/wp-json\/wp\/v2\/users\/2"}],"replies":[{"embeddable":true,"href":"https:\/\/larepublicanews.com.do\/live\/wp-json\/wp\/v2\/comments?post=2242"}],"version-history":[{"count":3,"href":"https:\/\/larepublicanews.com.do\/live\/wp-json\/wp\/v2\/posts\/2242\/revisions"}],"predecessor-version":[{"id":2246,"href":"https:\/\/larepublicanews.com.do\/live\/wp-json\/wp\/v2\/posts\/2242\/revisions\/2246"}],"wp:featuredmedia":[{"embeddable":true,"href":"https:\/\/larepublicanews.com.do\/live\/wp-json\/wp\/v2\/media\/2243"}],"wp:attachment":[{"href":"https:\/\/larepublicanews.com.do\/live\/wp-json\/wp\/v2\/media?parent=2242"}],"wp:term":[{"taxonomy":"category","embeddable":true,"href":"https:\/\/larepublicanews.com.do\/live\/wp-json\/wp\/v2\/categories?post=2242"},{"taxonomy":"post_tag","embeddable":true,"href":"https:\/\/larepublicanews.com.do\/live\/wp-json\/wp\/v2\/tags?post=2242"}],"curies":[{"name":"wp","href":"https:\/\/api.w.org\/{rel}","templated":true}]}}