{"id":2236,"date":"2023-09-01T15:19:26","date_gmt":"2023-09-01T15:19:26","guid":{"rendered":"https:\/\/larepublicanews.com.do\/live\/?p=2236"},"modified":"2023-09-01T15:19:26","modified_gmt":"2023-09-01T15:19:26","slug":"el-itsc-firma-acuerdo-de-pasantia-laboral-con-samsic-handling-dominicana","status":"publish","type":"post","link":"https:\/\/larepublicanews.com.do\/live\/el-itsc-firma-acuerdo-de-pasantia-laboral-con-samsic-handling-dominicana\/","title":{"rendered":"El ITSC firma acuerdo de pasant\u00eda laboral con Samsic Handling Dominicana"},"content":{"rendered":"<p><span lang=\"es\">Santo Domingo Este, R.D.- Con el objetivo de implementar un programa de pasant\u00eda laboral en el \u00e1rea de la aviaci\u00f3n civil, el Instituto T\u00e9cnico Superior Comunitario y la empresa Samsic Handling Dominicana, S.A.S., suscribieron un acuerdo de colaboraci\u00f3n que beneficiar\u00e1 a estudiantes calificados de la instituci\u00f3n educativa.<\/span><\/p>\n<p><span lang=\"es\">El acuerdo fue firmado por Pedro Quezada, rector del ITSC, y Christophe Diblan, gerente general de Samsic Handling Dominicana, en la sede del community college, en San Luis. Ambas instituciones se comprometieron a construir una alianza estrat\u00e9gica con la finalidad de desarrollar acciones que contribuyan a la formaci\u00f3n t\u00e9cnico profesional en diversas \u00e1reas de la empresa.<\/span><\/p>\n<p><span lang=\"es\">\u201cPara nosotros este acuerdo es trascendental, por lo que reitero mi agradecimiento por la iniciativa. Con este programa se les da la oportunidad a nuestros estudiantes, de insertarse en el mundo laboral\u201d, afirm\u00f3 Pedro Quezada.<\/span><\/p>\n<p><span lang=\"es\">Samsic Handling Dominicana, acord\u00f3 con el ITSC la colaboraci\u00f3n y soporte para que los estudiantes de la academia realicen una pasant\u00eda de formaci\u00f3n en las \u00e1reas administrativas, de servicios especiales, cabina, seguridad, y afines.<\/span><\/p>\n<p><span lang=\"es\">Tambi\u00e9n, la empresa se comprometi\u00f3 con suministrar a los pasantes alimentos, transporte, seg\u00fan las rutas establecidas, uniformes, identificaci\u00f3n, asignaci\u00f3n de monitores, los cuales sirvan de gu\u00eda para su orientaci\u00f3n y otras herramientas necesarias para el buen desempe\u00f1o de sus funciones.<\/span><\/p>\n<p><span lang=\"es\">Asimismo, asume la emisi\u00f3n de certificados al final de la pasant\u00eda, siempre y cuando \u00e9sta sea cumplida satisfactoriamente, y redactar un acuerdo que debe ser suscrito por los estudiantes, conforme a las normas legales existentes y los reglamentos internos de la empresa.<\/span><\/p>\n<p><span lang=\"es\">Christophe Diblan expres\u00f3 la importancia de este convenio, el cual contribuir\u00e1 al desarrollo personal y socioecon\u00f3mico de los estudiantes del ITSC, teniendo \u00e9stos la oportunidad de a recibir ofertas de empleos, al t\u00e9rmino de su formaci\u00f3n profesional. \u201cAgradecemos la oportunidad de que sus estudiantes puedan hacer la pasant\u00eda con nosotros y de tener posibles candidatos\u201d, afirm\u00f3.<\/span><\/p>\n<p><span lang=\"es\">Samsic Handling Dominicana, S.A.S., es una empresa que se dedica a ofrecer servicios de rampa en el \u00e1rea de la aviaci\u00f3n civil, que opera bajo normativas estatales vigentes, y las autoridades de la empresa Aeropuertos Dominicanos Siglo XXI (AERODOM), en lo referente a la Operaci\u00f3n, Gesti\u00f3n y Seguridad de los Aeropuertos Dominicanos en el lado tierra y aire, del Aeropuerto Internacional Las Am\u00e9ricas.<\/span><\/p>\n<p><span lang=\"es\">Mientras que el ITSC, es una instituci\u00f3n de educaci\u00f3n superior del Estado Dominicano dedicada a la ense\u00f1anza, la innovaci\u00f3n tecnol\u00f3gica, fomento del arte y cultura, orientada a ofrecer oportunidades de desarrollo, formando profesionales competentes, \u00e9ticos, mediante un curr\u00edculum pertinente, asumiendo una integraci\u00f3n solidaria con los sectores empresariales y sociales.<\/span><\/p>\n<p><span lang=\"es\">Entre los participantes en la firma del acuerdo estuvieron, adem\u00e1s:\u00a0\u00a0Alfredo Herrera, vicerrector de Extensi\u00f3n y Vinculaci\u00f3n; Alba Iris Contreras, encargada del \u00e1rea Jur\u00eddica, Isaac V\u00e1squez, director de Comunicaciones; V\u00edctor de La Cruz, notario; y V\u00edctor Rosario, analista legal del ITSC.<\/span><\/p>\n<p><span lang=\"es\">Por la empresa Samsic Handling Dominicana, estuvieron presente tambi\u00e9n: Lissette Mercedes, gerente de Recursos Humanos; y Jaffir Pou, gerente de Seguridad.<\/span><\/p>\n","protected":false},"excerpt":{"rendered":"<p>Santo Domingo Este, R.D.- Con el objetivo de implementar un programa de pasant\u00eda laboral en el \u00e1rea de la aviaci\u00f3n civil, el Instituto T\u00e9cnico Superior Comunitario y la empresa Samsic Handling Dominicana, S.A.S., suscribieron un acuerdo de colaboraci\u00f3n que beneficiar\u00e1 a estudiantes calificados de la instituci\u00f3n educativa. El acuerdo fue firmado por Pedro Quezada, rector del ITSC, y Christophe Diblan, gerente general de Samsic Handling Dominicana, en la sede del community college, en San Luis. Ambas instituciones se comprometieron a construir una alianza estrat\u00e9gica con la finalidad de desarrollar acciones&hellip;<\/p>\n","protected":false},"author":2,"featured_media":2237,"comment_status":"open","ping_status":"open","sticky":false,"template":"","format":"standard","meta":{"rop_custom_images_group":[],"rop_custom_messages_group":[],"rop_publish_now":"initial","rop_publish_now_accounts":[],"rop_publish_now_history":[],"rop_publish_now_status":"pending","footnotes":""},"categories":[2,56],"tags":[562,523,561],"class_list":["post-2236","post","type-post","status-publish","format-standard","has-post-thumbnail","hentry","category-actualidad","category-educacion","tag-aerodom","tag-itsc","tag-samsic-handling-dominicana"],"_links":{"self":[{"href":"https:\/\/larepublicanews.com.do\/live\/wp-json\/wp\/v2\/posts\/2236","targetHints":{"allow":["GET"]}}],"collection":[{"href":"https:\/\/larepublicanews.com.do\/live\/wp-json\/wp\/v2\/posts"}],"about":[{"href":"https:\/\/larepublicanews.com.do\/live\/wp-json\/wp\/v2\/types\/post"}],"author":[{"embeddable":true,"href":"https:\/\/larepublicanews.com.do\/live\/wp-json\/wp\/v2\/users\/2"}],"replies":[{"embeddable":true,"href":"https:\/\/larepublicanews.com.do\/live\/wp-json\/wp\/v2\/comments?post=2236"}],"version-history":[{"count":1,"href":"https:\/\/larepublicanews.com.do\/live\/wp-json\/wp\/v2\/posts\/2236\/revisions"}],"predecessor-version":[{"id":2238,"href":"https:\/\/larepublicanews.com.do\/live\/wp-json\/wp\/v2\/posts\/2236\/revisions\/2238"}],"wp:featuredmedia":[{"embeddable":true,"href":"https:\/\/larepublicanews.com.do\/live\/wp-json\/wp\/v2\/media\/2237"}],"wp:attachment":[{"href":"https:\/\/larepublicanews.com.do\/live\/wp-json\/wp\/v2\/media?parent=2236"}],"wp:term":[{"taxonomy":"category","embeddable":true,"href":"https:\/\/larepublicanews.com.do\/live\/wp-json\/wp\/v2\/categories?post=2236"},{"taxonomy":"post_tag","embeddable":true,"href":"https:\/\/larepublicanews.com.do\/live\/wp-json\/wp\/v2\/tags?post=2236"}],"curies":[{"name":"wp","href":"https:\/\/api.w.org\/{rel}","templated":true}]}}