{"id":2232,"date":"2023-08-17T01:08:41","date_gmt":"2023-08-17T01:08:41","guid":{"rendered":"https:\/\/larepublicanews.com.do\/live\/?p=2232"},"modified":"2023-08-17T01:08:41","modified_gmt":"2023-08-17T01:08:41","slug":"leonel-medicos-y-enfermeras-de-la-fuerza-del-pueblo-seguiran-apoyando-las-victimas-de-san-cristobal","status":"publish","type":"post","link":"https:\/\/larepublicanews.com.do\/live\/leonel-medicos-y-enfermeras-de-la-fuerza-del-pueblo-seguiran-apoyando-las-victimas-de-san-cristobal\/","title":{"rendered":"*Leonel: M\u00e9dicos y enfermeras de la Fuerza del Pueblo seguir\u00e1n apoyando las v\u00edctimas de San Crist\u00f3bal*"},"content":{"rendered":"<blockquote>\n<p style=\"text-align: left;\">*Leonel dice esta tragedia ha enlutecido a toda la Rep\u00fablica Dominicana*<\/p>\n<\/blockquote>\n<p>*San Crist\u00f3bal.-* El presidente del partido Fuerza del Pueblo, Leonel Fern\u00e1ndez, viaj\u00f3 este mi\u00e9rcoles a San Crist\u00f3bal para solidarizarse con las v\u00edctimas de la exploci\u00f3n y las familias que han perdido seres queridos.<\/p>\n<p>En esta visita, el tambi\u00e9n aspirante a la presidencia de la Rep\u00fablica se hizo acompa\u00f1ar por m\u00e9dicos y enfermeras de la Secretar\u00eda de Salud de la FP, quienes reforzaron la presencia del personal sanitario, desplegando un cuerpo de asistencia m\u00e9dica de 20 psic\u00f3logos y 15 enfermeras para las visitas domiciliarias a familias afectadas.<\/p>\n<p>Al ser abordado por periodistas, Fern\u00e1ndez indic\u00f3 que: \u00abEs una tragedia inmensa que ha enlutecido a toda la poblaci\u00f3n dominicana, muy especialmente aqu\u00ed en San Crist\u00f3bal, donde varias familias han sido afectadas por m\u00e1s de una v\u00edctima y, por supuesto, eso provoca la gran consternaci\u00f3n de la sociedad\u00bb.<\/p>\n<p>Tambi\u00e9n precis\u00f3 que la Fuerza del Pueblo se ha hecho presente desde el primer momento. \u00abNuestra Secretar\u00eda de Salud, a la cabeza de la cual se encuentra el doctor Ram\u00f3n Alvarado, desde el primer momento ha estado aqu\u00ed, colaborando sobretodo en hospitales, en cl\u00ednicas, atendiendo a las personas que fueron v\u00edctimas de esta tragedia\u00bb.<\/p>\n<p>\u00abQueremos seguir colaborando en la medida que nos sea posible, sabemos que, despu\u00e9s que estos acontecimientos ocurren, se queda un trauma post tragedia, que tiene mucho que ver con el proceso de recuperaci\u00f3n emocional y, eso va a requerir de especialistas, de psic\u00f3logos, de psic\u00f3logos cl\u00ednicos, que puedan efectivamente hacer una contribuci\u00f3n en c\u00f3mo estas familias se pueden recuperar\u00bb, explic\u00f3 Fern\u00e1ndez.<\/p>\n<p>Fern\u00e1ndez tambi\u00e9n dijo que la Fuerza del Pueblo pone a disposici\u00f3n especialistas de otras \u00e1reas profesionales que sean necesarios para dar asistencia a las v\u00edctimas y familiares.<\/p>\n<p>El l\u00edder pol\u00edtico de la Rep\u00fablica felicit\u00f3 a la Defensa Civil, a los Bomberos y a todos los que han participado en la extinci\u00f3n de este fuego y todo lo que ha significado el colapso de esta infraestructura. \u00abYo creo que han hecho una labor heroica, una labor profesional que merece nuestras felicitaciones\u00bb, dijo.<\/p>\n<p>De igual manera exhort\u00f3, \u00abal gobierno a que puedan, de alguna manera, recompensar a los due\u00f1os de negocios, a las familias, porque hay un da\u00f1o humano que son las muertes, son los fallecidos; pero tambi\u00e9n hay un da\u00f1o material que es, que los negocios que est\u00e1n aqu\u00ed han desaparecido y, las personas que sobreviven van a necesitar la ayuda del gobierno para poder reconstruir sus peque\u00f1os negocios y volver a una cierta normalidad de como generar ingresos para sus familias\u00bb.<\/p>\n<p>El apoyo del gobierno a la recuperaci\u00f3n de los da\u00f1os materiales, \u00abcreo que es un elemento, un aspecto del problema que tiene que ser tomado muy en cuenta\u00bb.<\/p>\n<p>En su visita al Hospital Regional General Juan Pablo Pina, para conocer el estado de salud de algunas de las v\u00edctimas de la tragedia, Fern\u00e1ndez fue recibido por el personal m\u00e9dico, encabezado por la directora del centro, la doctora Monserrat Santana.<\/p>\n<p>Cuando sali\u00f3 del centro de salud, Leonel dijo a los periodistas que aguardaron en el lugar, que pudo estar con varios pacientes, entre ellos una se\u00f1ora que estaba en las afueras de la exploci\u00f3n y que fue impactada en el abdomen. Esta se\u00f1ora fue intervenida quir\u00fargicamente y ya se encuentra en franca recuperaci\u00f3n.<\/p>\n<p>Por igual, Fern\u00e1ndez coment\u00f3 de un paciente que se encuentra con su cuerpo en un 98% de quemadura, por lo que, los m\u00e9dicos le daban pocas posibilidades de recuperaci\u00f3n.<\/p>\n<p>Acompa\u00f1aron a Fern\u00e1ndez, el senador de la provincia de San Crist\u00f3bal, Franklin Rodr\u00edguez; adem\u00e1s de varios miembros de la Direcci\u00f3n Pol\u00edtica, entre ellos el secretario general de FP, Antonio Flori\u00e1n.<\/p>\n<p>*Secretar\u00eda de Comunicaciones*<br \/>\n*Fuerza del Pueblo*<\/p>\n","protected":false},"excerpt":{"rendered":"<p>*Leonel dice esta tragedia ha enlutecido a toda la Rep\u00fablica Dominicana* *San Crist\u00f3bal.-* El presidente del partido Fuerza del Pueblo, Leonel Fern\u00e1ndez, viaj\u00f3 este mi\u00e9rcoles a San Crist\u00f3bal para solidarizarse con las v\u00edctimas de la exploci\u00f3n y las familias que han perdido seres queridos. En esta visita, el tambi\u00e9n aspirante a la presidencia de la Rep\u00fablica se hizo acompa\u00f1ar por m\u00e9dicos y enfermeras de la Secretar\u00eda de Salud de la FP, quienes reforzaron la presencia del personal sanitario, desplegando un cuerpo de asistencia m\u00e9dica de 20 psic\u00f3logos y 15 enfermeras&hellip;<\/p>\n","protected":false},"author":2,"featured_media":2233,"comment_status":"open","ping_status":"open","sticky":false,"template":"","format":"standard","meta":{"rop_custom_images_group":[],"rop_custom_messages_group":[],"rop_publish_now":"initial","rop_publish_now_accounts":[],"rop_publish_now_history":[],"rop_publish_now_status":"pending","footnotes":""},"categories":[2,23,24],"tags":[558,373,560,559,519,362,517,556,557],"class_list":["post-2232","post","type-post","status-publish","format-standard","has-post-thumbnail","hentry","category-actualidad","category-pais","category-politica","tag-afectados","tag-ayudas","tag-desastre","tag-explosion","tag-fuerza-del-pueblo","tag-incendio","tag-leonel-fernandez","tag-san-cristobal","tag-trajedia"],"_links":{"self":[{"href":"https:\/\/larepublicanews.com.do\/live\/wp-json\/wp\/v2\/posts\/2232","targetHints":{"allow":["GET"]}}],"collection":[{"href":"https:\/\/larepublicanews.com.do\/live\/wp-json\/wp\/v2\/posts"}],"about":[{"href":"https:\/\/larepublicanews.com.do\/live\/wp-json\/wp\/v2\/types\/post"}],"author":[{"embeddable":true,"href":"https:\/\/larepublicanews.com.do\/live\/wp-json\/wp\/v2\/users\/2"}],"replies":[{"embeddable":true,"href":"https:\/\/larepublicanews.com.do\/live\/wp-json\/wp\/v2\/comments?post=2232"}],"version-history":[{"count":1,"href":"https:\/\/larepublicanews.com.do\/live\/wp-json\/wp\/v2\/posts\/2232\/revisions"}],"predecessor-version":[{"id":2234,"href":"https:\/\/larepublicanews.com.do\/live\/wp-json\/wp\/v2\/posts\/2232\/revisions\/2234"}],"wp:featuredmedia":[{"embeddable":true,"href":"https:\/\/larepublicanews.com.do\/live\/wp-json\/wp\/v2\/media\/2233"}],"wp:attachment":[{"href":"https:\/\/larepublicanews.com.do\/live\/wp-json\/wp\/v2\/media?parent=2232"}],"wp:term":[{"taxonomy":"category","embeddable":true,"href":"https:\/\/larepublicanews.com.do\/live\/wp-json\/wp\/v2\/categories?post=2232"},{"taxonomy":"post_tag","embeddable":true,"href":"https:\/\/larepublicanews.com.do\/live\/wp-json\/wp\/v2\/tags?post=2232"}],"curies":[{"name":"wp","href":"https:\/\/api.w.org\/{rel}","templated":true}]}}