{"id":2227,"date":"2023-07-13T13:31:05","date_gmt":"2023-07-13T13:31:05","guid":{"rendered":"https:\/\/larepublicanews.com.do\/live\/?p=2227"},"modified":"2023-07-13T13:31:05","modified_gmt":"2023-07-13T13:31:05","slug":"camara-de-comercio-de-santo-domingo-y-contrataciones-publicas-firman-acuerdo-de-colaboracion","status":"publish","type":"post","link":"https:\/\/larepublicanews.com.do\/live\/camara-de-comercio-de-santo-domingo-y-contrataciones-publicas-firman-acuerdo-de-colaboracion\/","title":{"rendered":"*C\u00e1mara de Comercio de Santo Domingo y Contrataciones P\u00fablicas firman acuerdo de colaboraci\u00f3n*"},"content":{"rendered":"<p style=\"text-align: left;\">*Santo Domingo, 10 de julio de 2023* &#8211; La C\u00e1mara de Comercio y Producci\u00f3n de Santo Domingo (CCPSD) y la Direcci\u00f3n General de Contrataciones P\u00fablicas (DGCP) firmaron un acuerdo de colaboraci\u00f3n que permitir\u00e1 brindar seguridad y transparencia en el proceso de habilitaci\u00f3n de empresas suplidoras del Estado.<\/p>\n<p>Este acuerdo de colaboraci\u00f3n estrat\u00e9gica entre la CCPSD y la DGCP que marca un precedente en la eficiencia en las contrataciones p\u00fablicas, fue suscrito por Lucile Houellemont Jimenes y Carlos Pimentel, presidente de la C\u00e1mara de Comercio y la Direcci\u00f3n de General de Contrataciones P\u00fablicas, respectivamente.<\/p>\n<p>Mediante este acuerdo, se establecer\u00e1n mecanismos de colaboraci\u00f3n y coordinaci\u00f3n entre la CCPSD y la DGCP para agilizar y simplificar el proceso de habilitaci\u00f3n de empresas que, a su vez, facilitar\u00e1 la forma de hacer negocios en la Rep\u00fablica Dominicana.<\/p>\n<p>Al referirse a este acuerdo, Lucile Houellemont, dijo que esta alianza favorece sin duda alguna al empresariado dominicana que busca minimizar sus procesos y desea hacer negocios de manera m\u00e1s r\u00e1pida \u201ccon esta firma damos un paso a eliminaci\u00f3n de procesos que muchas veces causan retrasos a la hora de hacer negocios\u201d.<\/p>\n<p>De su lado, el se\u00f1or Carlos Pimentel, destac\u00f3 la importancia de este acuerdo para fomentar un ambiente empresarial s\u00f3lido y confiable. Agreg\u00f3 que la instituci\u00f3n que dirige tiene entre sus objetivos promover la transparencia y la calidad en las contrataciones p\u00fablicas.<\/p>\n<p>Se\u00f1al\u00f3, adem\u00e1s, que con este acuerdo se fortalecen los mecanismos de control y fiscalizaci\u00f3n en la habilitaci\u00f3n de empresas suplidoras del Estado, garantizando que estas cumplan con los requisitos establecidos.<\/p>\n<p>Sobre la DGCP<\/p>\n<p>La Direcci\u00f3n General de Contrataciones P\u00fablicas (DGCP) tiene como misi\u00f3n regular y supervisar el Sistema Nacional de Compras y Contrataciones P\u00fablicas, con un marco legal adecuado, y fomentar el desarrollo de un mercado de compras p\u00fablicas inclusivas y sostenibles en toda la geograf\u00eda nacional, a trav\u00e9s de mecanismos que aseguren la participaci\u00f3n equitativa de los sectores productivos, especialmente de MIPYMES, mujeres y personas con discapacidad.<\/p>\n<p>Sobre la CCPSD<\/p>\n<p>La C\u00e1mara de Comercio y Producci\u00f3n de Santo Domingo, tiene como misi\u00f3n Facilitar el hacer negocios, Brindando asesoramiento, productos y servicios de excelencia que permitan una mayor interactividad comercial, el robustecimiento de la competitividad, la creaci\u00f3n de empleos y la formalidad sectorial.<\/p>\n","protected":false},"excerpt":{"rendered":"<p>*Santo Domingo, 10 de julio de 2023* &#8211; La C\u00e1mara de Comercio y Producci\u00f3n de Santo Domingo (CCPSD) y la Direcci\u00f3n General de Contrataciones P\u00fablicas (DGCP) firmaron un acuerdo de colaboraci\u00f3n que permitir\u00e1 brindar seguridad y transparencia en el proceso de habilitaci\u00f3n de empresas suplidoras del Estado. Este acuerdo de colaboraci\u00f3n estrat\u00e9gica entre la CCPSD y la DGCP que marca un precedente en la eficiencia en las contrataciones p\u00fablicas, fue suscrito por Lucile Houellemont Jimenes y Carlos Pimentel, presidente de la C\u00e1mara de Comercio y la Direcci\u00f3n de General de&hellip;<\/p>\n","protected":false},"author":2,"featured_media":2228,"comment_status":"open","ping_status":"open","sticky":false,"template":"","format":"standard","meta":{"rop_custom_images_group":[],"rop_custom_messages_group":[],"rop_publish_now":"initial","rop_publish_now_accounts":[],"rop_publish_now_history":[],"rop_publish_now_status":"pending","footnotes":""},"categories":[2,10,22],"tags":[525,551,552,555,553,554],"class_list":["post-2227","post","type-post","status-publish","format-standard","has-post-thumbnail","hentry","category-actualidad","category-economia","category-noticia","tag-acuerdos","tag-camara-de-comercio","tag-ccpsd","tag-comercio-dominicano","tag-mypymes","tag-pequenas-y-medianas-empresas"],"_links":{"self":[{"href":"https:\/\/larepublicanews.com.do\/live\/wp-json\/wp\/v2\/posts\/2227","targetHints":{"allow":["GET"]}}],"collection":[{"href":"https:\/\/larepublicanews.com.do\/live\/wp-json\/wp\/v2\/posts"}],"about":[{"href":"https:\/\/larepublicanews.com.do\/live\/wp-json\/wp\/v2\/types\/post"}],"author":[{"embeddable":true,"href":"https:\/\/larepublicanews.com.do\/live\/wp-json\/wp\/v2\/users\/2"}],"replies":[{"embeddable":true,"href":"https:\/\/larepublicanews.com.do\/live\/wp-json\/wp\/v2\/comments?post=2227"}],"version-history":[{"count":1,"href":"https:\/\/larepublicanews.com.do\/live\/wp-json\/wp\/v2\/posts\/2227\/revisions"}],"predecessor-version":[{"id":2229,"href":"https:\/\/larepublicanews.com.do\/live\/wp-json\/wp\/v2\/posts\/2227\/revisions\/2229"}],"wp:featuredmedia":[{"embeddable":true,"href":"https:\/\/larepublicanews.com.do\/live\/wp-json\/wp\/v2\/media\/2228"}],"wp:attachment":[{"href":"https:\/\/larepublicanews.com.do\/live\/wp-json\/wp\/v2\/media?parent=2227"}],"wp:term":[{"taxonomy":"category","embeddable":true,"href":"https:\/\/larepublicanews.com.do\/live\/wp-json\/wp\/v2\/categories?post=2227"},{"taxonomy":"post_tag","embeddable":true,"href":"https:\/\/larepublicanews.com.do\/live\/wp-json\/wp\/v2\/tags?post=2227"}],"curies":[{"name":"wp","href":"https:\/\/api.w.org\/{rel}","templated":true}]}}