{"id":2206,"date":"2023-06-21T12:52:54","date_gmt":"2023-06-21T12:52:54","guid":{"rendered":"https:\/\/larepublicanews.com.do\/live\/?p=2206"},"modified":"2023-06-21T12:52:54","modified_gmt":"2023-06-21T12:52:54","slug":"2206-2","status":"publish","type":"post","link":"https:\/\/larepublicanews.com.do\/live\/2206-2\/","title":{"rendered":""},"content":{"rendered":"<p style=\"text-align: left;\" align=\"center\"><i>Mediante un acuerdo de colaboraci\u00f3n, ambas academias buscan aportar mejores beneficios<\/i><i><\/i><\/p>\n<p>Santo Domingo, R.D.- Los estudiantes, docentes y familiares de los colaboradores del Instituto T\u00e9cnico Superior Comunitario recibir\u00e1n mejores beneficios en la Universidad Cat\u00f3lica Santo Domingo (UCSD), luego de la firma de un acuerdo interinstitucional entre ambas academias.<\/p>\n<p>Pedro Antonio Quezada, rector del ITSC, y monse\u00f1or Ram\u00f3n Benito \u00c1ngeles Fern\u00e1ndez, rector de la UCSD, dejaron establecido los beneficios que en lo adelante recibir\u00e1n los colaboradores del centro, entre ellos capacitaci\u00f3n, investigaciones, emprendimiento e innovaci\u00f3n en las \u00e1reas de inter\u00e9s rec\u00edproco.<\/p>\n<p>En el acuerdo, la UCSD se comprometi\u00f3 a otorgar a colaboradores e hijos de empleados del ITSC, un descuento de un 25% en las ofertas acad\u00e9micas de Grado y Postgrado, sobre el cr\u00e9dito o costo total del cuatrimestre.<\/p>\n<p>De igual modo, la universidad se compromete a otorgar a los egresados del ITSC, un descuento de 25% en las ofertas acad\u00e9micas de grado, para el programa \u201cDos m\u00e1s Dos\u201d, en caso de no ser becados.<\/p>\n<p>Asimismo, otorgar\u00e1n un 20% de descuento en el Centro de Rehabilitaci\u00f3n y el Centro de Psicolog\u00eda Familiar de la UCSD y colaborar en acciones comunitarias, intercambio de experiencias y personal, en los campos de la docencia y la cultura.<\/p>\n<p>Con la finalidad de garantizar el fiel cumplimiento del convenio, ambas instituciones conformaron una comisi\u00f3n mixta, la cual supervisar\u00e1 la ejecuci\u00f3n del entendimiento.<\/p>\n<p>En la firma del convenio estuvieron presentes tambi\u00e9n el Lic. Carlos Mendieta, vicerrector Acad\u00e9mico y el\u00a0<span lang=\"es\">Lic. Alfredo Herrera, Vicerrector de Vinculaci\u00f3n y Extensi\u00f3n con la Comunidad<\/span>, ambos del ITSC. Adem\u00e1s, por parte de La UCSD el\u00a0<span lang=\"es\">Lic. Francisco Cruz Pascual, vicerrector de Investigaci\u00f3n, Vinculaci\u00f3n y Aseguramiento de la Calidad<\/span>\u00a0y el\u00a0<span lang=\"es\">Ing. Ram\u00f3n Garc\u00eda Tatis, vicerrector de Administraci\u00f3n y Finanzas<\/span>.<\/p>\n<p><span lang=\"es\">\u00a0<\/span><\/p>\n","protected":false},"excerpt":{"rendered":"<p>Mediante un acuerdo de colaboraci\u00f3n, ambas academias buscan aportar mejores beneficios Santo Domingo, R.D.- Los estudiantes, docentes y familiares de los colaboradores del Instituto T\u00e9cnico Superior Comunitario recibir\u00e1n mejores beneficios en la Universidad Cat\u00f3lica Santo Domingo (UCSD), luego de la firma de un acuerdo interinstitucional entre ambas academias. Pedro Antonio Quezada, rector del ITSC, y monse\u00f1or Ram\u00f3n Benito \u00c1ngeles Fern\u00e1ndez, rector de la UCSD, dejaron establecido los beneficios que en lo adelante recibir\u00e1n los colaboradores del centro, entre ellos capacitaci\u00f3n, investigaciones, emprendimiento e innovaci\u00f3n en las \u00e1reas de inter\u00e9s rec\u00edproco.&hellip;<\/p>\n","protected":false},"author":2,"featured_media":2207,"comment_status":"open","ping_status":"open","sticky":false,"template":"","format":"standard","meta":{"rop_custom_images_group":[],"rop_custom_messages_group":[],"rop_publish_now":"initial","rop_publish_now_accounts":[],"rop_publish_now_history":[],"rop_publish_now_status":"pending","footnotes":""},"categories":[2,56],"tags":[525,523,522,442,524,521],"class_list":["post-2206","post","type-post","status-publish","format-standard","has-post-thumbnail","hentry","category-actualidad","category-educacion","tag-acuerdos","tag-itsc","tag-ucsd","tag-universidad","tag-universidad-catolica-santo-domingo","tag-universidades"],"_links":{"self":[{"href":"https:\/\/larepublicanews.com.do\/live\/wp-json\/wp\/v2\/posts\/2206","targetHints":{"allow":["GET"]}}],"collection":[{"href":"https:\/\/larepublicanews.com.do\/live\/wp-json\/wp\/v2\/posts"}],"about":[{"href":"https:\/\/larepublicanews.com.do\/live\/wp-json\/wp\/v2\/types\/post"}],"author":[{"embeddable":true,"href":"https:\/\/larepublicanews.com.do\/live\/wp-json\/wp\/v2\/users\/2"}],"replies":[{"embeddable":true,"href":"https:\/\/larepublicanews.com.do\/live\/wp-json\/wp\/v2\/comments?post=2206"}],"version-history":[{"count":1,"href":"https:\/\/larepublicanews.com.do\/live\/wp-json\/wp\/v2\/posts\/2206\/revisions"}],"predecessor-version":[{"id":2208,"href":"https:\/\/larepublicanews.com.do\/live\/wp-json\/wp\/v2\/posts\/2206\/revisions\/2208"}],"wp:featuredmedia":[{"embeddable":true,"href":"https:\/\/larepublicanews.com.do\/live\/wp-json\/wp\/v2\/media\/2207"}],"wp:attachment":[{"href":"https:\/\/larepublicanews.com.do\/live\/wp-json\/wp\/v2\/media?parent=2206"}],"wp:term":[{"taxonomy":"category","embeddable":true,"href":"https:\/\/larepublicanews.com.do\/live\/wp-json\/wp\/v2\/categories?post=2206"},{"taxonomy":"post_tag","embeddable":true,"href":"https:\/\/larepublicanews.com.do\/live\/wp-json\/wp\/v2\/tags?post=2206"}],"curies":[{"name":"wp","href":"https:\/\/api.w.org\/{rel}","templated":true}]}}