{"id":2200,"date":"2023-06-02T21:56:24","date_gmt":"2023-06-02T21:56:24","guid":{"rendered":"https:\/\/larepublicanews.com.do\/live\/?p=2200"},"modified":"2023-06-02T21:56:24","modified_gmt":"2023-06-02T21:56:24","slug":"leonel-estara-el-sabado-en-mao-y-santiago-y-el-domingo-en-san-cristobal","status":"publish","type":"post","link":"https:\/\/larepublicanews.com.do\/live\/leonel-estara-el-sabado-en-mao-y-santiago-y-el-domingo-en-san-cristobal\/","title":{"rendered":"*Leonel estar\u00e1 el s\u00e1bado en Mao y Santiago, y el domingo en San Crist\u00f3bal*"},"content":{"rendered":"<p>Santo Domingo.- El presidente del partido Fuerza del Pueblo (FP), Leonel Fern\u00e1ndez, contin\u00faa fortaleciendo la alianza con el pueblo dominicano. Por ello, este s\u00e1bado estar\u00e1 en Mao y Santiago, encabezando asambleas regionales de dirigentes. El domingo se trasladar\u00e1 a San Crist\u00f3bal, donde juramentar\u00e1 nuevos miembros de la organizaci\u00f3n que dirige.<\/p>\n<p>En horas de la ma\u00f1ana del s\u00e1bado, el presidente de la FP se reunir\u00e1 en el municipio de Mao con los dirigentes de las provincias de la l\u00ednea noroeste, para pasar balance personalmente con ellos a las metas establecidas de cara a alcanzar los dos millones de afiliados que se ha propuesto tener en su padr\u00f3n de miembros la Fuerza del Pueblo.<\/p>\n<p>En la tarde, Fern\u00e1ndez encabezar\u00e1 en la Ciudad Coraz\u00f3n una asamblea provincial de dirigentes de Santiago, con participantes de los diferentes municipios, con el mismo prop\u00f3sito de evaluar el Plan General de Afiliaci\u00f3n.<\/p>\n<p>En ambas asambleas, el presidente de la Fuerza del Pueblo se har\u00e1 acompa\u00f1ar de los miembros de la Direcci\u00f3n Pol\u00edtica, que han sido designados como supervisores de los trabajos, y de los miembros de la Direcci\u00f3n Central, que fungiren como enlaces de cada demarcaci\u00f3n. Adem\u00e1s de evaluar las afiliaciones, se tratar\u00e1n otros temas relacionados con las candidaturas municipales que presentar\u00e1 la organizaci\u00f3n en las elecciones de febrero del pr\u00f3ximo a\u00f1o.<\/p>\n<p>El domingo, en horas de la tarde, el l\u00edder de la oposici\u00f3n pol\u00edtica dominicana estar\u00e1 en la provincia San Crist\u00f3bal, en dos actos, uno en el municipio de Yaguate y otro en el municipio cabecera de San Crist\u00f3bal, juramentando importantes dirigentes pol\u00edticos y personalidades de la sociedad que han decidido pasar a las filas de la Fuerza del Pueblo.<\/p>\n<p>Otras actividades de la FP:<\/p>\n<p>El s\u00e1bado a las 3:30 p.m. en el municipio de Miches, el economista y miembro de la Direcci\u00f3n Central de la FP, Haivanjoe Ng Corti\u00f1as, dictar\u00e1 la conferencia titulada \u00abEl regreso de Leonel, porque con \u00e9l se vive mejor\u00bb.<\/p>\n<p>El domingo a las 10:00 a.m. en el hotel Matum, en Santiago, el miembro de la Direcci\u00f3n Pol\u00edtica de la FP y exvicepresidente de la Rep\u00fablica, Rafael Alburquerque, dictar\u00e1 la conferencia titulada \u00abEl futuro de la Seguridad Social en la Rep\u00fablica Dominicana\u00bb, en el marco de la jornada de carnetizaci\u00f3n de abogados que organiza la Secretar\u00eda de Asuntos Jur\u00eddicos.<\/p>\n<p>Tambi\u00e9n el domingo a las 10:00 a.m. en la Alianza Juvenil de La Romana, el miembro de la Direcci\u00f3n Pol\u00edtica y titular de la Secretar\u00eda de Urbanismo y Vivienda, Pedro Pablo D\u00edaz, impartir\u00e1 la conferencia \u00abImportancia de la participaci\u00f3n de los profesionales y t\u00e9cnicos en la pol\u00edtica\u00bb.<\/p>\n<p>*Secretar\u00eda de Comunicaciones*<br \/>\n*Fuerza del Pueblo*<\/p>\n","protected":false},"excerpt":{"rendered":"<p>Santo Domingo.- El presidente del partido Fuerza del Pueblo (FP), Leonel Fern\u00e1ndez, contin\u00faa fortaleciendo la alianza con el pueblo dominicano. Por ello, este s\u00e1bado estar\u00e1 en Mao y Santiago, encabezando asambleas regionales de dirigentes. El domingo se trasladar\u00e1 a San Crist\u00f3bal, donde juramentar\u00e1 nuevos miembros de la organizaci\u00f3n que dirige. En horas de la ma\u00f1ana del s\u00e1bado, el presidente de la FP se reunir\u00e1 en el municipio de Mao con los dirigentes de las provincias de la l\u00ednea noroeste, para pasar balance personalmente con ellos a las metas establecidas de&hellip;<\/p>\n","protected":false},"author":2,"featured_media":2202,"comment_status":"open","ping_status":"open","sticky":false,"template":"","format":"standard","meta":{"rop_custom_images_group":[],"rop_custom_messages_group":[],"rop_publish_now":"initial","rop_publish_now_accounts":[],"rop_publish_now_history":[],"rop_publish_now_status":"pending","footnotes":""},"categories":[515,19,20,24],"tags":[518,516,519,272,517,520,255],"class_list":["post-2200","post","type-post","status-publish","format-standard","has-post-thumbnail","hentry","category-elecciones-2024","category-la-fuerza-del-pueblo","category-leonel-fernandez","category-politica","tag-campana-politica","tag-elecciones-2024","tag-fuerza-del-pueblo","tag-junta-central-electoral","tag-leonel-fernandez","tag-partidos-politicos","tag-politica"],"_links":{"self":[{"href":"https:\/\/larepublicanews.com.do\/live\/wp-json\/wp\/v2\/posts\/2200","targetHints":{"allow":["GET"]}}],"collection":[{"href":"https:\/\/larepublicanews.com.do\/live\/wp-json\/wp\/v2\/posts"}],"about":[{"href":"https:\/\/larepublicanews.com.do\/live\/wp-json\/wp\/v2\/types\/post"}],"author":[{"embeddable":true,"href":"https:\/\/larepublicanews.com.do\/live\/wp-json\/wp\/v2\/users\/2"}],"replies":[{"embeddable":true,"href":"https:\/\/larepublicanews.com.do\/live\/wp-json\/wp\/v2\/comments?post=2200"}],"version-history":[{"count":1,"href":"https:\/\/larepublicanews.com.do\/live\/wp-json\/wp\/v2\/posts\/2200\/revisions"}],"predecessor-version":[{"id":2203,"href":"https:\/\/larepublicanews.com.do\/live\/wp-json\/wp\/v2\/posts\/2200\/revisions\/2203"}],"wp:featuredmedia":[{"embeddable":true,"href":"https:\/\/larepublicanews.com.do\/live\/wp-json\/wp\/v2\/media\/2202"}],"wp:attachment":[{"href":"https:\/\/larepublicanews.com.do\/live\/wp-json\/wp\/v2\/media?parent=2200"}],"wp:term":[{"taxonomy":"category","embeddable":true,"href":"https:\/\/larepublicanews.com.do\/live\/wp-json\/wp\/v2\/categories?post=2200"},{"taxonomy":"post_tag","embeddable":true,"href":"https:\/\/larepublicanews.com.do\/live\/wp-json\/wp\/v2\/tags?post=2200"}],"curies":[{"name":"wp","href":"https:\/\/api.w.org\/{rel}","templated":true}]}}