{"id":2196,"date":"2023-06-02T13:24:41","date_gmt":"2023-06-02T13:24:41","guid":{"rendered":"https:\/\/larepublicanews.com.do\/live\/?p=2196"},"modified":"2023-06-02T13:28:31","modified_gmt":"2023-06-02T13:28:31","slug":"embajador-dominicano-en-vietnam-llama-al-senado-a-no-politizar-la-vacuna-vietnamita-contra-la-ppa","status":"publish","type":"post","link":"https:\/\/larepublicanews.com.do\/live\/embajador-dominicano-en-vietnam-llama-al-senado-a-no-politizar-la-vacuna-vietnamita-contra-la-ppa\/","title":{"rendered":"*Embajador Dominicano en Vietnam llama al Senado a no politizar la vacuna vietnamita contra la PPA*."},"content":{"rendered":"<p>_*Asegura que la vacuna NAVET-ASFVAC est\u00e1 validada y certificada y que es totalmente segura_*<\/p>\n<p>El embajador dominicano en Vietnam Jaime Francisco Rodr\u00edguez, llam\u00f3 a los senadores y en especial al Senador Bautista Rojas a que no politice la vacuna vietnamita contra la Peste Porcina africana.<\/p>\n<p>Asegur\u00f3 que la vacuna NAVET-ASFVAC, producida por cient\u00edficos vietnamitas y estadounidenses, est\u00e1 validada y certificada, y que es totalmente segura.<\/p>\n<p>Dijo adem\u00e1s que tiene autorizaci\u00f3n sanitaria para su circulaci\u00f3n y aplicaci\u00f3n, con certificaci\u00f3n y validaci\u00f3n, incluyendo del Departamento de Agricultura y el Servicio de Investigaci\u00f3n Agr\u00edcola de los Estados Unidos de Am\u00e9rica y de prestigiosas instituciones nacionales e internacionales.<\/p>\n<p>Afirma que \u201cla vacuna no propaga la PPA, ni es nueva cepa, muy por el contrario, aporta a erradicar la PPA, al crear los anticuerpos\u201d puntualiz\u00f3 el diplom\u00e1tico.<\/p>\n<p>Afirm\u00f3 tambi\u00e9n que la vacuna NAVET-ASFVAC tiene bastante evidencias de su efectividad en m\u00e1s de un 93%, \u00fanica en el mundo.<\/p>\n<p>El Embajador Dominicano en Vietnam llam\u00f3 a la sensatez, objetividad y respetar la ciencia y revel\u00f3 que en los pr\u00f3ximos d\u00edas se reunir\u00e1 con el presidente de la Rep\u00fablica, Luis Abinader a quien har\u00e1 \u2018\u2019formal entrega de documentaciones sobre la referida vacuna \u2018\u2019.<\/p>\n<p>El senador por la provincia Hermanas Mirabal, Bautista Rojas G\u00f3mez, dijo que la vacuna para cerdos est\u00e1 siendo utilizada en el pa\u00eds sin ser aprobada por la OMS, y no contar con el visto bueno de la Direcci\u00f3n de Ganader\u00eda.<\/p>\n<p>\u201cCon todo respeto senador, es falso que estamos creando negocios o favoreciendo intereses particulares como refiere con sus insinuaciones sobre negocios con la vacuna, se hace un flaco servicio al pa\u00eds, animando gremios e instituciones a desconocer el trabajo cient\u00edfico, la validez y la eficacia de esta vacuna, as\u00ed como el gran gesto del pueblo vietnamita hacia nuestro pueblo\u201d puntualiz\u00f3 el diplom\u00e1tico.<\/p>\n<p>Asegur\u00f3 Rodr\u00edguez que las vacunas han llegado a la Rep\u00fablica Dominicana a partir de un importante y efectivo proceso de gesti\u00f3n y cooperaci\u00f3n del gobierno de Vietnam con los Estados Unidos, el gobierno dominicano y el ministerio de Agricultura.<\/p>\n<p>A trav\u00e9s de un documento, el embajador en Vietnam concluyo llamando a integrarse al proceso, vacunaci\u00f3n y capacitaci\u00f3n, a los interesados, universidades, t\u00e9cnicos, especialistas y quienes se consideren ser parte del proceso.<\/p>\n","protected":false},"excerpt":{"rendered":"<p>_*Asegura que la vacuna NAVET-ASFVAC est\u00e1 validada y certificada y que es totalmente segura_* El embajador dominicano en Vietnam Jaime Francisco Rodr\u00edguez, llam\u00f3 a los senadores y en especial al Senador Bautista Rojas a que no politice la vacuna vietnamita contra la Peste Porcina africana. Asegur\u00f3 que la vacuna NAVET-ASFVAC, producida por cient\u00edficos vietnamitas y estadounidenses, est\u00e1 validada y certificada, y que es totalmente segura. Dijo adem\u00e1s que tiene autorizaci\u00f3n sanitaria para su circulaci\u00f3n y aplicaci\u00f3n, con certificaci\u00f3n y validaci\u00f3n, incluyendo del Departamento de Agricultura y el Servicio de Investigaci\u00f3n&hellip;<\/p>\n","protected":false},"author":2,"featured_media":2199,"comment_status":"open","ping_status":"open","sticky":false,"template":"","format":"standard","meta":{"rop_custom_images_group":[],"rop_custom_messages_group":[],"rop_publish_now":"initial","rop_publish_now_accounts":[],"rop_publish_now_history":[],"rop_publish_now_status":"pending","footnotes":""},"categories":[66,18,24,27],"tags":[513,510,509,514,512,103,511],"class_list":["post-2196","post","type-post","status-publish","format-standard","has-post-thumbnail","hentry","category-gobierno","category-world","category-politica","category-health","tag-africana","tag-embajada","tag-embajador","tag-fiebre-porcina-africana","tag-ppa","tag-vacuna","tag-vietnam"],"_links":{"self":[{"href":"https:\/\/larepublicanews.com.do\/live\/wp-json\/wp\/v2\/posts\/2196","targetHints":{"allow":["GET"]}}],"collection":[{"href":"https:\/\/larepublicanews.com.do\/live\/wp-json\/wp\/v2\/posts"}],"about":[{"href":"https:\/\/larepublicanews.com.do\/live\/wp-json\/wp\/v2\/types\/post"}],"author":[{"embeddable":true,"href":"https:\/\/larepublicanews.com.do\/live\/wp-json\/wp\/v2\/users\/2"}],"replies":[{"embeddable":true,"href":"https:\/\/larepublicanews.com.do\/live\/wp-json\/wp\/v2\/comments?post=2196"}],"version-history":[{"count":1,"href":"https:\/\/larepublicanews.com.do\/live\/wp-json\/wp\/v2\/posts\/2196\/revisions"}],"predecessor-version":[{"id":2198,"href":"https:\/\/larepublicanews.com.do\/live\/wp-json\/wp\/v2\/posts\/2196\/revisions\/2198"}],"wp:featuredmedia":[{"embeddable":true,"href":"https:\/\/larepublicanews.com.do\/live\/wp-json\/wp\/v2\/media\/2199"}],"wp:attachment":[{"href":"https:\/\/larepublicanews.com.do\/live\/wp-json\/wp\/v2\/media?parent=2196"}],"wp:term":[{"taxonomy":"category","embeddable":true,"href":"https:\/\/larepublicanews.com.do\/live\/wp-json\/wp\/v2\/categories?post=2196"},{"taxonomy":"post_tag","embeddable":true,"href":"https:\/\/larepublicanews.com.do\/live\/wp-json\/wp\/v2\/tags?post=2196"}],"curies":[{"name":"wp","href":"https:\/\/api.w.org\/{rel}","templated":true}]}}