{"id":2185,"date":"2023-05-30T16:28:47","date_gmt":"2023-05-30T16:28:47","guid":{"rendered":"https:\/\/larepublicanews.com.do\/live\/?p=2185"},"modified":"2023-05-30T16:29:36","modified_gmt":"2023-05-30T16:29:36","slug":"creador-de-contenido-jehova-es-mi-pastor-videos-celebra-el-exito-de-sus-reflexiones-en-redes-sociales","status":"publish","type":"post","link":"https:\/\/larepublicanews.com.do\/live\/creador-de-contenido-jehova-es-mi-pastor-videos-celebra-el-exito-de-sus-reflexiones-en-redes-sociales\/","title":{"rendered":"*Creador de contenido \u201cJehov\u00e1 es mi Pastor videos\u201d, celebra el \u00e9xito de sus reflexiones en redes sociales*"},"content":{"rendered":"<p>*Bogot\u00e1, Colombia*. El creador de contenido colombiano Heiner de Jes\u00fas Salas P\u00e9rez, mejor conocido en sus redes sociales como \u201cJehov\u00e1 es mi Pastor videos\u201d, continua creciendo en el mundo digital a nivel internacional, tras darse a conocer con sus novedosas reflexiones que ayudan a mejorar el diario vivir de las personas dando a conocer m\u00e1s su contenido en diversas partes del mundo como, Colombia, M\u00e9xico, Estados Unidos y muchos pa\u00edses aleda\u00f1os.<\/p>\n<p>A trav\u00e9s de sus redes sociales Heiner de Jes\u00fas Salas, busca decirles a otros que conf\u00eden en Dios y en las ense\u00f1anzas de la Biblia. Es importante destacar que el experto en creaci\u00f3n de contenido para redes sociales, cre\u00f3 la firma \u201cJehov\u00e1 es mi Pastor videos\u201d, conformada por un grupo de gestores de contenido que, como su nombre lo indica, se encarga de crear material audiovisual de tem\u00e1tica espiritual, did\u00e1ctica y motivacional.<\/p>\n<p>En la actualidad es una marca registrada \u201cJehov\u00e1 es mi Pastor videos\u201d y tiene p\u00e1ginas en redes sociales como Facebook (934.800 seguidores), Instagram (1000), YouTube (12.350), Kwai (1,000.000) y Tik Tok (500.000).<\/p>\n<p>Heiner de Jes\u00fas Salas P\u00e9rez explic\u00f3 que pasaba por tiempos de crisis econ\u00f3mica cuando ley\u00f3 el Salmo 23. \u201cJehov\u00e1 es mi pastor; nada me faltar\u00e1\u201d, as\u00ed se lee el comienzo de ese texto en la edici\u00f3n Reina-Valera de la Biblia. A partir de entonces, gan\u00f3 la suficiente confianza para tratar de salir adelante, seguro de que Dios estar\u00eda ah\u00ed para ayudarlo. Fue a partir de este momento que decidi\u00f3 crear la marca de contenidos que lleva el vers\u00edculo por nombre.<\/p>\n<p>\u201cQueremos convertirnos en un medio que pueda ayudar a las personas que nos ven, mostr\u00e1ndoles que hay otras formas de solucionar los problemas por los que atraviesan en su d\u00eda a d\u00eda. Nuestra intenci\u00f3n es hacer entender a las personas que la soluci\u00f3n no son los vicios, ni las pandillas, y que Dios los ama y puede ayudarlos\u201d, sostuvo Heiner de Jes\u00fas Salas P\u00e9rez.<\/p>\n<p>Salas P\u00e9rez a\u00f1adi\u00f3 que, el objetivo de la iniciativa era doble. Por un lado, estaba \u201cofrecerle a los colombianos un contenido distinto, algo que los hiciera reflexionar, pues en su ciudad natal son muy pocos los creadores que hacen este tipo de material; por eso, su esposa y \u00e9l decidieron formar ese proyecto llamado \u201cJehov\u00e1 ess Mi Pastor videos\u201d, para diferenciarse de los dem\u00e1s creadores de contenidos de Cartagena e innovar en este campo, explic\u00f3 Heiner Salas.<\/p>\n<p>Los videos de Jehov\u00e1 Es Mi Pastor videos siguen una estructura similar a la de otros creadores de enfoque did\u00e1ctico, como es el caso del emprendedor indio-estadounidense Dhar Mann. Esto es decir que son dramatizados que presentan una situaci\u00f3n problem\u00e1tica (por ejemplo, un hijo rebelde, alguien que trata mal a un familiar, entre otros) que va empeorando poco a poco hasta alcanzar un punto de quiebre, momento en el cual los involucrados tratan de dialogar para resolver sus diferencias o alguien castiga a los instigadores.<\/p>\n<p>Heiner de Jes\u00fas Salas P\u00e9rez explic\u00f3 que pasaba por tiempos de crisis econ\u00f3mica cuando ley\u00f3 el Salmo 23. \u201cJehov\u00e1 es mi pastor; nada me faltar\u00e1\u201d, as\u00ed se lee el comienzo de ese texto en la edici\u00f3n Reina-Valera de la Biblia. A partir de entonces, gan\u00f3 la suficiente confianza para tratar de salir adelante, seguro de que Dios estar\u00eda ah\u00ed para ayudarlo. Fue a partir de este momento que decidi\u00f3 crear la marca de contenidos que lleva el vers\u00edculo por nombre.<\/p>\n<p>El creador de contenido y fot\u00f3grafo naci\u00f3 en la ciudad de Cartagena, en Colombia, un 6 de septiembre de 1996. Es hijo de padres colombianos y el mayor de tres hermanos.<\/p>\n<p>Hasta hoy \u00abJehov\u00e1 es mi Pastor videos\u201d, sigue muy buenos pasos, ya que su fanaticada es cada vez m\u00e1s grande y el apoyo en todas sus redes sociales es notable.<\/p>\n","protected":false},"excerpt":{"rendered":"<p>*Bogot\u00e1, Colombia*. El creador de contenido colombiano Heiner de Jes\u00fas Salas P\u00e9rez, mejor conocido en sus redes sociales como \u201cJehov\u00e1 es mi Pastor videos\u201d, continua creciendo en el mundo digital a nivel internacional, tras darse a conocer con sus novedosas reflexiones que ayudan a mejorar el diario vivir de las personas dando a conocer m\u00e1s su contenido en diversas partes del mundo como, Colombia, M\u00e9xico, Estados Unidos y muchos pa\u00edses aleda\u00f1os. A trav\u00e9s de sus redes sociales Heiner de Jes\u00fas Salas, busca decirles a otros que conf\u00eden en Dios y&hellip;<\/p>\n","protected":false},"author":2,"featured_media":2187,"comment_status":"open","ping_status":"open","sticky":false,"template":"","format":"standard","meta":{"rop_custom_images_group":[],"rop_custom_messages_group":[],"rop_publish_now":"initial","rop_publish_now_accounts":[],"rop_publish_now_history":[],"rop_publish_now_status":"pending","footnotes":""},"categories":[2,3],"tags":[503,502,314,501,500],"class_list":["post-2185","post","type-post","status-publish","format-standard","has-post-thumbnail","hentry","category-actualidad","category-artista","tag-creador-de-contenidos","tag-heiner-de-jesus-salas-perez","tag-musica-cristiana","tag-redes-sociales","tag-reflexiones"],"_links":{"self":[{"href":"https:\/\/larepublicanews.com.do\/live\/wp-json\/wp\/v2\/posts\/2185","targetHints":{"allow":["GET"]}}],"collection":[{"href":"https:\/\/larepublicanews.com.do\/live\/wp-json\/wp\/v2\/posts"}],"about":[{"href":"https:\/\/larepublicanews.com.do\/live\/wp-json\/wp\/v2\/types\/post"}],"author":[{"embeddable":true,"href":"https:\/\/larepublicanews.com.do\/live\/wp-json\/wp\/v2\/users\/2"}],"replies":[{"embeddable":true,"href":"https:\/\/larepublicanews.com.do\/live\/wp-json\/wp\/v2\/comments?post=2185"}],"version-history":[{"count":1,"href":"https:\/\/larepublicanews.com.do\/live\/wp-json\/wp\/v2\/posts\/2185\/revisions"}],"predecessor-version":[{"id":2186,"href":"https:\/\/larepublicanews.com.do\/live\/wp-json\/wp\/v2\/posts\/2185\/revisions\/2186"}],"wp:featuredmedia":[{"embeddable":true,"href":"https:\/\/larepublicanews.com.do\/live\/wp-json\/wp\/v2\/media\/2187"}],"wp:attachment":[{"href":"https:\/\/larepublicanews.com.do\/live\/wp-json\/wp\/v2\/media?parent=2185"}],"wp:term":[{"taxonomy":"category","embeddable":true,"href":"https:\/\/larepublicanews.com.do\/live\/wp-json\/wp\/v2\/categories?post=2185"},{"taxonomy":"post_tag","embeddable":true,"href":"https:\/\/larepublicanews.com.do\/live\/wp-json\/wp\/v2\/tags?post=2185"}],"curies":[{"name":"wp","href":"https:\/\/api.w.org\/{rel}","templated":true}]}}