{"id":2171,"date":"2023-05-03T16:02:16","date_gmt":"2023-05-03T16:02:16","guid":{"rendered":"https:\/\/larepublicanews.com.do\/live\/?p=2171"},"modified":"2023-05-03T16:02:16","modified_gmt":"2023-05-03T16:02:16","slug":"delegacion-mediosdigitalerd-estaran-en-la-cumbre-mundial-comunicacion-politica-en-medellin-colombia","status":"publish","type":"post","link":"https:\/\/larepublicanews.com.do\/live\/delegacion-mediosdigitalerd-estaran-en-la-cumbre-mundial-comunicacion-politica-en-medellin-colombia\/","title":{"rendered":"*Delegaci\u00f3n #MediosDigitaleRD estar\u00e1n en La Cumbre Mundial Comunicaci\u00f3n Pol\u00edtica en Medell\u00edn Colombia*"},"content":{"rendered":"<blockquote><p>Medell\u00edn Colombia . La delegaci\u00f3n de medios digitales con el prop\u00f3sito de estar a la vanguardia en estrategias comunicacionales esta delegaci\u00f3n de medios digitales de Rep\u00fablica Dominicana estar\u00e1 presente en la edici\u00f3n XVIII de La Cumbre Mundial Comunicaci\u00f3n Pol\u00edtica que se estar\u00e1 realizando del 3 al 5 de Mayo en Medell\u00edn Colombia.<\/p><\/blockquote>\n<p>La delegaci\u00f3n de medios digitales que adem\u00e1s desarrollan diversas estrategias comunicacionales para diversos clientes estar\u00e1n en esta evento mundial para actualizar conocimientos y fortalecer relaciones en la \u00e1reas de comunicaci\u00f3n, relaciones p\u00fablicas, negocios, manejo de imagen y seguir aportando al crecimiento de la comunicaci\u00f3n digital.<\/p>\n<p>Adem\u00e1s Omar Rivera ( pachanga.com.do ) expresidente y actual director internacional, Rita P\u00e9rez ( palacalle.net ) actual vicepresidente, Mario Antonio Lara Valdez ( comercioenlacalle.com ) director de organizaci\u00f3n y Amelia Reyes ( loungetvrd.com ) exvicepresidente y actual directora de mercadeo de la Sociedad Dominicana de Medios Digitales ( SODOMEDI ) as\u00ed como todos muy activos en su \u00e1reas profesionales como de reconocida experiencia en estar\u00e1n presentes en este evento mundial comunicaci\u00f3n pol\u00edtica donde se abordar\u00e1n estrategias para implementarse de manera eficiente en las crisis interna y externa que se presente en nuestra profesi\u00f3n.<\/p>\n<p>La representaci\u00f3n dominicana recorrer\u00e1 Medell\u00edn que es conocida como ciudad donde todo florece as\u00ed como participar\u00e1n en lo que ser\u00e1 el evento m\u00e1s importante del a\u00f1o de consultor\u00eda, el marketing y la estrategia: la Cumbre Mundial de Comunicaci\u00f3n Pol\u00edtica que los d\u00edas 3, 4 y 5 de mayo de este a\u00f1o reunir\u00e1 a m\u00e1s de 300 exponentes globales en el Hotel Intercontinental de Medell\u00edn y que contar\u00e1 con el aval acad\u00e9mico de la Universidad Pontifica Bolivariana (UPB).<\/p>\n","protected":false},"excerpt":{"rendered":"<p>Medell\u00edn Colombia . La delegaci\u00f3n de medios digitales con el prop\u00f3sito de estar a la vanguardia en estrategias comunicacionales esta delegaci\u00f3n de medios digitales de Rep\u00fablica Dominicana estar\u00e1 presente en la edici\u00f3n XVIII de La Cumbre Mundial Comunicaci\u00f3n Pol\u00edtica que se estar\u00e1 realizando del 3 al 5 de Mayo en Medell\u00edn Colombia. La delegaci\u00f3n de medios digitales que adem\u00e1s desarrollan diversas estrategias comunicacionales para diversos clientes estar\u00e1n en esta evento mundial para actualizar conocimientos y fortalecer relaciones en la \u00e1reas de comunicaci\u00f3n, relaciones p\u00fablicas, negocios, manejo de imagen y seguir&hellip;<\/p>\n","protected":false},"author":2,"featured_media":2172,"comment_status":"open","ping_status":"open","sticky":false,"template":"","format":"standard","meta":{"rop_custom_images_group":[],"rop_custom_messages_group":[],"rop_publish_now":"initial","rop_publish_now_accounts":[],"rop_publish_now_history":[],"rop_publish_now_status":"pending","footnotes":""},"categories":[60,18],"tags":[493,284,492,491,396,398,212],"class_list":["post-2171","post","type-post","status-publish","format-standard","has-post-thumbnail","hentry","category-internacional","category-world","tag-493","tag-colombia","tag-cumbre-colombia","tag-delegacion","tag-medios-digitales","tag-omar-rivera","tag-sodomedi"],"_links":{"self":[{"href":"https:\/\/larepublicanews.com.do\/live\/wp-json\/wp\/v2\/posts\/2171","targetHints":{"allow":["GET"]}}],"collection":[{"href":"https:\/\/larepublicanews.com.do\/live\/wp-json\/wp\/v2\/posts"}],"about":[{"href":"https:\/\/larepublicanews.com.do\/live\/wp-json\/wp\/v2\/types\/post"}],"author":[{"embeddable":true,"href":"https:\/\/larepublicanews.com.do\/live\/wp-json\/wp\/v2\/users\/2"}],"replies":[{"embeddable":true,"href":"https:\/\/larepublicanews.com.do\/live\/wp-json\/wp\/v2\/comments?post=2171"}],"version-history":[{"count":1,"href":"https:\/\/larepublicanews.com.do\/live\/wp-json\/wp\/v2\/posts\/2171\/revisions"}],"predecessor-version":[{"id":2173,"href":"https:\/\/larepublicanews.com.do\/live\/wp-json\/wp\/v2\/posts\/2171\/revisions\/2173"}],"wp:featuredmedia":[{"embeddable":true,"href":"https:\/\/larepublicanews.com.do\/live\/wp-json\/wp\/v2\/media\/2172"}],"wp:attachment":[{"href":"https:\/\/larepublicanews.com.do\/live\/wp-json\/wp\/v2\/media?parent=2171"}],"wp:term":[{"taxonomy":"category","embeddable":true,"href":"https:\/\/larepublicanews.com.do\/live\/wp-json\/wp\/v2\/categories?post=2171"},{"taxonomy":"post_tag","embeddable":true,"href":"https:\/\/larepublicanews.com.do\/live\/wp-json\/wp\/v2\/tags?post=2171"}],"curies":[{"name":"wp","href":"https:\/\/api.w.org\/{rel}","templated":true}]}}