{"id":217,"date":"2019-02-07T15:00:35","date_gmt":"2019-02-07T15:00:35","guid":{"rendered":"http:\/\/diario24news.com\/hoy\/?p=217"},"modified":"2019-02-07T15:00:35","modified_gmt":"2019-02-07T15:00:35","slug":"partidos-anunciarian-opcion-morada-para-candidatura-de-leonel-fernandez-la-impulsan-ante-posible-tranque-por-crisis-peledeista","status":"publish","type":"post","link":"https:\/\/larepublicanews.com.do\/live\/partidos-anunciarian-opcion-morada-para-candidatura-de-leonel-fernandez-la-impulsan-ante-posible-tranque-por-crisis-peledeista\/","title":{"rendered":"Partidos anunciar\u00edan \u201cOpci\u00f3n Morada\u201d para candidatura de Leonel Fern\u00e1ndez La impulsan ante posible tranque por crisis pelede\u00edsta"},"content":{"rendered":"<p>Unos ocho partidos pol\u00edticos emergentes habr\u00edan creado la llamada \u201cOpci\u00f3n Morada\u201d para respaldar al expresidente Leonel Fern\u00e1ndez en sus aspiraciones presidenciales para las elecciones del 2020.<\/p>\n<p>Algunos presidentes de organizaciones pol\u00edticas consultadas confirmaron que est\u00e1n en esos aprestos para expresarse a favor del exmandatario, en momentos en que en el Partido de la Liberaci\u00f3n Dominicana (PLD) hay fuertes tensiones por la lucha para la candidatura presidencial, y que en marzo se espera una definici\u00f3n del presidente Danilo Medina respecto a si procurar\u00e1 una modificaci\u00f3n constitucional para facilitar su reelecci\u00f3n.<!--more--><\/p>\n<p>El presidente del Partido Quisqueyano Dem\u00f3crata Cristiano (PQDC), El\u00edas Wessin Ch\u00e1vez, manifest\u00f3 que \u201csi Leonel sale del PLD, cambia el panorama, porque ser\u00e1 el candidato a vencer\u201d. \u201cNo hay nada definitivo, pues eso no se ha tratado, por lo menos con nosotros, el PQDC\u201d, indic\u00f3.<\/p>\n<p>Wessin Ch\u00e1vez indic\u00f3 que la coalici\u00f3n Juntos Podemos, de la cual el PQDC, firm\u00f3 el Acuerdo de Intenci\u00f3n de coalici\u00f3n, ser\u00e1 un Pacto para lo municipal y lo congresual, por lo que lo presidencial se ha dejado al libre albedr\u00edo de las bases de los partidos firmantes.<\/p>\n<p>El dirigente de la Fuerza Nacional Progresista (FNP) Vinicio Castillo Sem\u00e1n, record\u00f3 que \u201cLeonel fue el creador del Bloque Progresista, ahora, obviamente a Leonel nadie lo puede apoyar antes de que \u00e9l sea el candidato del PLD\u201d.<\/p>\n<p>Explic\u00f3 que lo que se ha estado manejando es hacer un bloque de partidos para las elecciones congresuales y municipales, \u201cpero la presidencial, aunque s\u00e9 que hay buenas relaciones con Leonel dentro de los partidos, no he o\u00eddo a nadie, porque ser\u00eda apoyar un precandidato y no creo que en el mismo Bloque Progresista, que la mayor\u00eda son funcionarios del Estado, no creo que se adelanten a hacer un apoyo previamente\u201d. Pese a esto, las fuentes de DL indican que el proyecto est\u00e1 en marcha.<br \/>\nSector externo<br \/>\nEl sector que impulsa al expresidente Leonel Fern\u00e1ndez dentro del PLD prepara en el mes de marzo un acto de apoyo de movimientos del sector externo para buscar que sea nuevamente candidato presidencial de esa organizaci\u00f3n.<\/p>\n<p>Radham\u00e9s Jim\u00e9nez, coordinador general del equipo pol\u00edtico, manifest\u00f3 que son m\u00e1s de 200 los movimientos que apoyan a Fern\u00e1ndez, y que hay mucha efervescencia dentro del sector externo para la actividad, para la cual eval\u00faan fecha y lugar.<\/p>\n<p>\u201cHay mucho entusiasmo, es incre\u00edble la avalancha de personalidades que vienen de otras fuerzas pol\u00edticas, que no tienen partidos y que han decidido trabajar para que Leonel sea presidente\u201d, expres\u00f3.<\/p>\n<p>Adelant\u00f3 que para el 28 de abril se espera el acto de presentaci\u00f3n de dos millones de personas registradas en su plataforma que respaldan al presidente del PLD. Jim\u00e9nez expuso que ese acto ser\u00e1 en el Estadio Ol\u00edmpico porque \u201cen la Media Naranja ya no cabe\u201d.<br \/>\nComit\u00e9 Pol\u00edtico<br \/>\nSobre los organismos del PLD y el pedido de que se re\u00fanan con m\u00e1s frecuencia para agilizar las labores del partido, indic\u00f3 que uno de los puntos que dificultan los encuentros es que la mayor\u00eda de los miembros del Comit\u00e9 Pol\u00edtico son funcionarios del gobierno, lo que significa que tienen diferentes agendas.<\/p>\n<p>Ante la pregunta sobre la denuncia que formularon de campa\u00f1a sucia o negativa contra el expresidente Fern\u00e1ndez, Jim\u00e9nez declar\u00f3: \u201cEse es un tema que nosotros lo cerramos el domingo\u201d y dijo que se ha venido evidenciando todo lo que ellos precisaron en la rueda de prensa.<\/p>\n<p>Listin Diario<\/p>\n","protected":false},"excerpt":{"rendered":"<p>Unos ocho partidos pol\u00edticos emergentes habr\u00edan creado la llamada \u201cOpci\u00f3n Morada\u201d para respaldar al expresidente Leonel Fern\u00e1ndez en sus aspiraciones presidenciales para las elecciones del 2020. Algunos presidentes de organizaciones pol\u00edticas consultadas confirmaron que est\u00e1n en esos aprestos para expresarse a favor del exmandatario, en momentos en que en el Partido de la Liberaci\u00f3n Dominicana (PLD) hay fuertes tensiones por la lucha para la candidatura presidencial, y que en marzo se espera una definici\u00f3n del presidente Danilo Medina respecto a si procurar\u00e1 una modificaci\u00f3n constitucional para facilitar su reelecci\u00f3n.<\/p>\n","protected":false},"author":3,"featured_media":218,"comment_status":"open","ping_status":"open","sticky":false,"template":"","format":"standard","meta":{"rop_custom_images_group":[],"rop_custom_messages_group":[],"rop_publish_now":"initial","rop_publish_now_accounts":[],"rop_publish_now_history":[],"rop_publish_now_status":"pending","footnotes":""},"categories":[24],"tags":[],"class_list":["post-217","post","type-post","status-publish","format-standard","has-post-thumbnail","hentry","category-politica"],"_links":{"self":[{"href":"https:\/\/larepublicanews.com.do\/live\/wp-json\/wp\/v2\/posts\/217","targetHints":{"allow":["GET"]}}],"collection":[{"href":"https:\/\/larepublicanews.com.do\/live\/wp-json\/wp\/v2\/posts"}],"about":[{"href":"https:\/\/larepublicanews.com.do\/live\/wp-json\/wp\/v2\/types\/post"}],"author":[{"embeddable":true,"href":"https:\/\/larepublicanews.com.do\/live\/wp-json\/wp\/v2\/users\/3"}],"replies":[{"embeddable":true,"href":"https:\/\/larepublicanews.com.do\/live\/wp-json\/wp\/v2\/comments?post=217"}],"version-history":[{"count":0,"href":"https:\/\/larepublicanews.com.do\/live\/wp-json\/wp\/v2\/posts\/217\/revisions"}],"wp:featuredmedia":[{"embeddable":true,"href":"https:\/\/larepublicanews.com.do\/live\/wp-json\/wp\/v2\/media\/218"}],"wp:attachment":[{"href":"https:\/\/larepublicanews.com.do\/live\/wp-json\/wp\/v2\/media?parent=217"}],"wp:term":[{"taxonomy":"category","embeddable":true,"href":"https:\/\/larepublicanews.com.do\/live\/wp-json\/wp\/v2\/categories?post=217"},{"taxonomy":"post_tag","embeddable":true,"href":"https:\/\/larepublicanews.com.do\/live\/wp-json\/wp\/v2\/tags?post=217"}],"curies":[{"name":"wp","href":"https:\/\/api.w.org\/{rel}","templated":true}]}}