{"id":2158,"date":"2023-02-27T14:51:50","date_gmt":"2023-02-27T14:51:50","guid":{"rendered":"https:\/\/larepublicanews.com.do\/live\/?p=2158"},"modified":"2023-02-27T14:51:50","modified_gmt":"2023-02-27T14:51:50","slug":"sodomedi-participa-en-la-comision-consultiva-para-ley-de-libertad-de-expresion","status":"publish","type":"post","link":"https:\/\/larepublicanews.com.do\/live\/sodomedi-participa-en-la-comision-consultiva-para-ley-de-libertad-de-expresion\/","title":{"rendered":"SODOMEDI participa en la Comisi\u00f3n Consultiva para Ley de Libertad de Expresi\u00f3n"},"content":{"rendered":"<p>La instituci\u00f3n que apoya el Anteproyecto de Ley de Libertad de Expresi\u00f3n y Medios de Comunicaci\u00f3n deposit\u00f3 un documento donde hace algunas recomendaciones para que sean tomadas en consideraci\u00f3n.<\/p>\n<p>Santo Domingo, D.N. \u2013 Una comisi\u00f3n de la Sociedad Dominicana de Medios Digitales (SODOMEDI), particip\u00f3 en una reuni\u00f3n celebrada en las instalaciones del List\u00edn Diario el pasado lunes 20 de febrero donde se present\u00f3 la pieza a sectores interesados en conocer las novedades que traer\u00e1 la nueva Ley sobre la Libertad de Expresi\u00f3n y Medios de Comunicaci\u00f3n, propuesta por la comisi\u00f3n consultiva creada por el presidente Luis Abinader, mediante el decreto 333-22.<\/p>\n<p>Mario Lara y Cristina Piantini, miembros del Consejo Directivo de SODOMEDI estuvieron presentes en la reuni\u00f3n en atenci\u00f3n a una invitaci\u00f3n realizada a la instituci\u00f3n que agrupa a los propietarios de medio digitales de noticias de la Rep\u00fablica Dominicana, la cual cuenta con miembros en diferentes provincias del pa\u00eds y en el exterior en Nueva York, New Jersey, La Florida, Canad\u00e1 y Rusia, quienes entregaron un documento donde hacen algunas sugerencias al proyecto de Ley.<\/p>\n<p>\u201cLos medios digitales de noticias juegan un papel important\u00edsimo en la construcci\u00f3n de la democracia ciudadana dominicana, ya que, son los m\u00e1s le\u00eddos en estos tiempos, con m\u00e1s visibilidad e impacto social, adem\u00e1s que llegan m\u00e1s r\u00e1pido, con mayor alcance a nivel mundial\u201d, puntualiz\u00f3 Ram\u00f3n Ch\u00e1vez R., presidente de la Sociedad de Medios Digitales (SODOMEDI).<\/p>\n<p>\u201cEn ese sentido, SODOMEDI busca promover y posicionar la Comunicaci\u00f3n Digital, basada en la responsabilidad y credibilidad, apegada a las Leyes del pa\u00eds y los convenios internaciones, pondero que el ante proyecto de Ley, al que hicimos algunas sugerencias plasmada en un documento entregado a la comisi\u00f3n creada por el presidente de la Rep\u00fablica con el objetivo del fortalecimiento de la comunicaci\u00f3n informativa de la noticias en sentido general\u201d, agreg\u00f3 Ch\u00e1vez<\/p>\n<p>La comisi\u00f3n creada mediante el decreto 333-22 del presidente Luis Abinader, la conforman los notables periodistas y comunicadores Namphi Rodr\u00edguez, Miguel Franjul, In\u00e9s Aizp\u00fan Vi\u00f1es, Persio Maldonado, Luis Eduardo Lora Iglesias (Huchi), Edith Febles Batista, Eric Raful P\u00e9rez, Herm\u00f3genes Acosta de los Santos, Miguel \u00c1ngel Prestol Gonz\u00e1lez, Jimena Conde Jimini\u00e1n, Aurelio Henr\u00edquez, Elvira Lora Pe\u00f1a y Gabriela Beltr\u00e9.<\/p>\n","protected":false},"excerpt":{"rendered":"<p>La instituci\u00f3n que apoya el Anteproyecto de Ley de Libertad de Expresi\u00f3n y Medios de Comunicaci\u00f3n deposit\u00f3 un documento donde hace algunas recomendaciones para que sean tomadas en consideraci\u00f3n. Santo Domingo, D.N. \u2013 Una comisi\u00f3n de la Sociedad Dominicana de Medios Digitales (SODOMEDI), particip\u00f3 en una reuni\u00f3n celebrada en las instalaciones del List\u00edn Diario el pasado lunes 20 de febrero donde se present\u00f3 la pieza a sectores interesados en conocer las novedades que traer\u00e1 la nueva Ley sobre la Libertad de Expresi\u00f3n y Medios de Comunicaci\u00f3n, propuesta por la comisi\u00f3n&hellip;<\/p>\n","protected":false},"author":2,"featured_media":2159,"comment_status":"open","ping_status":"open","sticky":false,"template":"","format":"standard","meta":{"rop_custom_images_group":[],"rop_custom_messages_group":[],"rop_publish_now":"initial","rop_publish_now_accounts":[],"rop_publish_now_history":[],"rop_publish_now_status":"pending","footnotes":""},"categories":[66,22,23,25],"tags":[338,327,484,295,134,212],"class_list":["post-2158","post","type-post","status-publish","format-standard","has-post-thumbnail","hentry","category-gobierno","category-noticia","category-pais","category-portada","tag-gobierno-dominicano","tag-ley","tag-ley-de-libertad-de-expresion","tag-periodismo","tag-periodistas","tag-sodomedi"],"_links":{"self":[{"href":"https:\/\/larepublicanews.com.do\/live\/wp-json\/wp\/v2\/posts\/2158","targetHints":{"allow":["GET"]}}],"collection":[{"href":"https:\/\/larepublicanews.com.do\/live\/wp-json\/wp\/v2\/posts"}],"about":[{"href":"https:\/\/larepublicanews.com.do\/live\/wp-json\/wp\/v2\/types\/post"}],"author":[{"embeddable":true,"href":"https:\/\/larepublicanews.com.do\/live\/wp-json\/wp\/v2\/users\/2"}],"replies":[{"embeddable":true,"href":"https:\/\/larepublicanews.com.do\/live\/wp-json\/wp\/v2\/comments?post=2158"}],"version-history":[{"count":1,"href":"https:\/\/larepublicanews.com.do\/live\/wp-json\/wp\/v2\/posts\/2158\/revisions"}],"predecessor-version":[{"id":2160,"href":"https:\/\/larepublicanews.com.do\/live\/wp-json\/wp\/v2\/posts\/2158\/revisions\/2160"}],"wp:featuredmedia":[{"embeddable":true,"href":"https:\/\/larepublicanews.com.do\/live\/wp-json\/wp\/v2\/media\/2159"}],"wp:attachment":[{"href":"https:\/\/larepublicanews.com.do\/live\/wp-json\/wp\/v2\/media?parent=2158"}],"wp:term":[{"taxonomy":"category","embeddable":true,"href":"https:\/\/larepublicanews.com.do\/live\/wp-json\/wp\/v2\/categories?post=2158"},{"taxonomy":"post_tag","embeddable":true,"href":"https:\/\/larepublicanews.com.do\/live\/wp-json\/wp\/v2\/tags?post=2158"}],"curies":[{"name":"wp","href":"https:\/\/api.w.org\/{rel}","templated":true}]}}