{"id":2154,"date":"2023-02-15T23:10:36","date_gmt":"2023-02-15T23:10:36","guid":{"rendered":"https:\/\/larepublicanews.com.do\/live\/?p=2154"},"modified":"2023-02-15T23:10:36","modified_gmt":"2023-02-15T23:10:36","slug":"la-provincia-santiago-sera-presentada-como-destino-turistico-en-anato-2023","status":"publish","type":"post","link":"https:\/\/larepublicanews.com.do\/live\/la-provincia-santiago-sera-presentada-como-destino-turistico-en-anato-2023\/","title":{"rendered":"La provincia Santiago ser\u00e1 presentada como Destino Tur\u00edstico en Anato 2023"},"content":{"rendered":"<p>Santiago, Rep. Dom.- La ciudad de Santiago, ubicada al norte de la Rep\u00fablica Dominicana, desplegar\u00e1 toda su oferta de recursos y atractivos tur\u00edsticos en la importante feria internacional, ANATO 2023, en la cual se dar\u00e1n cita los actores m\u00e1s representativos de la cadena de valor del sector, los d\u00edas 22, 23 y 24 de febrero en el pabell\u00f3n GS 17 del recinto ferial Corferias, en Bogot\u00e1, Colombia.<\/p>\n<p>La oferta tur\u00edstica de Santiago, representada a trav\u00e9s del Cl\u00faster Tur\u00edstico contar\u00e1 con una amplia agenda de reuniones con mayoristas emisivos, no s\u00f3lo de Colombia, sino de toda Latinoam\u00e9rica reunida en el marco de esta gran exposici\u00f3n comercial en la que se esperan m\u00e1s de 27,000 visitantes profesionales.<\/p>\n<p>La presentaci\u00f3n de la \u201cCiudad Coraz\u00f3n\u201d como destino tur\u00edstico internacional en la feria ANATO, representa la materializaci\u00f3n de un sue\u00f1o de hombres y mujeres que desde hace a\u00f1os han estado trabajando arduamente para lograr este prop\u00f3sito. \u201cDe lo que se trata es de la consumaci\u00f3n de la visi\u00f3n, la misi\u00f3n y los objetivos del Cl\u00faster Tur\u00edstico de Santiago, por los cuales hemos trabajado durante tanto tiempo\u201d, expres\u00f3 el presidente de esa entidad, Ram\u00f3n Paulino.<\/p>\n<p>Para el destino estar presente en ANATO 2023 constituye una enorme oportunidad de promoci\u00f3n internacional, plataforma que servir\u00e1 de base para dar a conocer sus diversas opciones de turismo a trav\u00e9s de presentaciones enfocadas en tour operadores, agentes de viajes y prensa en general.<\/p>\n<p>La presencia en esta feria permitir\u00e1 mostrar la versatilidad de los atractivos con que cuenta la segunda ciudad m\u00e1s importante de Rep\u00fablica Dominicana, al tiempo de aumentar los contactos comerciales y, en consecuencia, incrementar el flujo de turistas hacia el destino y toda la regi\u00f3n.<\/p>\n<p>\u201cFinalmente hemos logrado captar la atenci\u00f3n necesaria para arrancar, desde ahora, en un vuelo cargado de buenos deseos y de altas expectativas. Gracias a la visi\u00f3n del ministro de turismo, David Collado, y de todo su equipo quienes ahora forman parte del fomento y la promoci\u00f3n de nuestra provincia\u201d, enfatiz\u00f3 Paulino.<\/p>\n<p>Por tercera ocasi\u00f3n, Rep\u00fablica Dominicana ser\u00e1 el pa\u00eds invitado de honor en ANATO, debido al alto crecimiento del turismo entre ambos pa\u00edses. En el 2022 Colombia recibi\u00f3 la visita de 88,139 dominicanos con fines de turismo, eventos y comercio, mientras que Rep\u00fablica Dominicana alberg\u00f3 por vez primera la cifra de 293,564 turistas colombianos, seg\u00fan datos de la Asociaci\u00f3n de Turismo de Colombia y el Banco Central de la Rep\u00fablica Dominicana, respectivamente.<\/p>\n<p>ANATO es la principal feria de turismo en Colombia, el primer pa\u00eds latinoamericano y el cuarto a nivel mundial, emisor de turistas hacia la Rep\u00fablica Dominicana. Organizada por la Asociaci\u00f3n Colombiana de Agencias de Viajes y Turismo desde 1981.<\/p>\n","protected":false},"excerpt":{"rendered":"<p>Santiago, Rep. Dom.- La ciudad de Santiago, ubicada al norte de la Rep\u00fablica Dominicana, desplegar\u00e1 toda su oferta de recursos y atractivos tur\u00edsticos en la importante feria internacional, ANATO 2023, en la cual se dar\u00e1n cita los actores m\u00e1s representativos de la cadena de valor del sector, los d\u00edas 22, 23 y 24 de febrero en el pabell\u00f3n GS 17 del recinto ferial Corferias, en Bogot\u00e1, Colombia. La oferta tur\u00edstica de Santiago, representada a trav\u00e9s del Cl\u00faster Tur\u00edstico contar\u00e1 con una amplia agenda de reuniones con mayoristas emisivos, no s\u00f3lo&hellip;<\/p>\n","protected":false},"author":2,"featured_media":2155,"comment_status":"open","ping_status":"open","sticky":false,"template":"","format":"standard","meta":{"rop_custom_images_group":[],"rop_custom_messages_group":[],"rop_publish_now":"initial","rop_publish_now_accounts":[],"rop_publish_now_history":[],"rop_publish_now_status":"pending","footnotes":""},"categories":[5,25,53],"tags":[482,481,483],"class_list":["post-2154","post","type-post","status-publish","format-standard","has-post-thumbnail","hentry","category-cultura","category-portada","category-turismo","tag-capilla-la-milagrosa","tag-santiago-de-caballeros","tag-turismo-interno"],"_links":{"self":[{"href":"https:\/\/larepublicanews.com.do\/live\/wp-json\/wp\/v2\/posts\/2154","targetHints":{"allow":["GET"]}}],"collection":[{"href":"https:\/\/larepublicanews.com.do\/live\/wp-json\/wp\/v2\/posts"}],"about":[{"href":"https:\/\/larepublicanews.com.do\/live\/wp-json\/wp\/v2\/types\/post"}],"author":[{"embeddable":true,"href":"https:\/\/larepublicanews.com.do\/live\/wp-json\/wp\/v2\/users\/2"}],"replies":[{"embeddable":true,"href":"https:\/\/larepublicanews.com.do\/live\/wp-json\/wp\/v2\/comments?post=2154"}],"version-history":[{"count":1,"href":"https:\/\/larepublicanews.com.do\/live\/wp-json\/wp\/v2\/posts\/2154\/revisions"}],"predecessor-version":[{"id":2156,"href":"https:\/\/larepublicanews.com.do\/live\/wp-json\/wp\/v2\/posts\/2154\/revisions\/2156"}],"wp:featuredmedia":[{"embeddable":true,"href":"https:\/\/larepublicanews.com.do\/live\/wp-json\/wp\/v2\/media\/2155"}],"wp:attachment":[{"href":"https:\/\/larepublicanews.com.do\/live\/wp-json\/wp\/v2\/media?parent=2154"}],"wp:term":[{"taxonomy":"category","embeddable":true,"href":"https:\/\/larepublicanews.com.do\/live\/wp-json\/wp\/v2\/categories?post=2154"},{"taxonomy":"post_tag","embeddable":true,"href":"https:\/\/larepublicanews.com.do\/live\/wp-json\/wp\/v2\/tags?post=2154"}],"curies":[{"name":"wp","href":"https:\/\/api.w.org\/{rel}","templated":true}]}}