{"id":2149,"date":"2023-02-15T23:04:35","date_gmt":"2023-02-15T23:04:35","guid":{"rendered":"https:\/\/larepublicanews.com.do\/live\/?p=2149"},"modified":"2023-02-15T23:05:50","modified_gmt":"2023-02-15T23:05:50","slug":"artista-urbano-flow-celestial-presenta-tema-musical-mueca","status":"publish","type":"post","link":"https:\/\/larepublicanews.com.do\/live\/artista-urbano-flow-celestial-presenta-tema-musical-mueca\/","title":{"rendered":"*Artista urbano Flow Celestial presenta tema musical \u201cMueca\u201d*"},"content":{"rendered":"<p style=\"text-align: left;\">Ok*Santo Domingo, Rep. Dom*. El exponente de m\u00fasica urbana Esmailin Perez, conocido art\u00edsticamente como \u201cFlow Celestial\u201d, conquista al p\u00fablico nuevamente, en esta ocasi\u00f3n con el contagioso tema \u201cMueca\u201d, canci\u00f3n que se pronostica exitosa por su jocosidad y el lenguaje paulatino con el cual se comunican generaciones de estos tiempos. El video de la canci\u00f3n \u00abMueca\u00bb muy pronto estar\u00e1 disponible en YouTube y en todas las redes sociales, y plataformas digitales.<\/p>\n<p>Es importante destacar que en su actual producci\u00f3n que lleva por nombre \u00abMueca\u00bb, el artista se adentra en lo m\u00e1s profundo de la m\u00fasica urbana del conocido\u201cbajo mundo\u201d, por tener este estilo los colores que predominan en la 42 de Capotillo, un populoso barrio de Santo Domingo.<\/p>\n<p>Esmailin se ha mantenido componiendo y colaborando con diversos talentos, en varias producciones musicale entre las cuales resaltan, \u201cEl flow que se pega\u201d junto a El Pupilo y Bichote RD, \u201cDembow Italiana\u201d junto a Jay Cee EL Guru y Anna Dominguez con su video realizado en la ciudad del sol, Miami, \u201cDinero\u201d junto a Red Angel, cantante anglosajona y \u201cGraduado de la calle\u201d tambi\u00e9n junto a Jay Cee El Guru, donde da un salto a la m\u00fasica tropical siendo esta \u00faltima denominada Salsa Urbana.<\/p>\n<p>Flow Celestial, es oriundo de Azua, Rep\u00fablica Dominicana. Y desde muy peque\u00f1o su pasi\u00f3n ha sido la m\u00fasica. Fue a los 12 a\u00f1os de edad cuando empez\u00f3 a tocar g\u00fcira , congas,tambora, entre otros instrumentos de percusi\u00f3n, y ocasionalmente ensayaba el tromb\u00f3n.<\/p>\n<p>El cantante y compositor supo que la m\u00fasica era su vida desde que comenz\u00f3 a grabar en su humilde pueblo, Azua en el a\u00f1o 2004, a la cual le escribi\u00f3 su primera canci\u00f3n titulada con el mismo nombre \u201cAzua\u201d, la misma fue muy bien aceptada en el pueblo y desde ah\u00ed empez\u00f3 a conquistar los corazones de los habitantes de su propia tierra.<\/p>\n<p>Los seguidores de Flow Celestial siempre lo encuentran en todas las redes sociales como @flowcelestial .<\/p>\n","protected":false},"excerpt":{"rendered":"<p>Ok*Santo Domingo, Rep. Dom*. El exponente de m\u00fasica urbana Esmailin Perez, conocido art\u00edsticamente como \u201cFlow Celestial\u201d, conquista al p\u00fablico nuevamente, en esta ocasi\u00f3n con el contagioso tema \u201cMueca\u201d, canci\u00f3n que se pronostica exitosa por su jocosidad y el lenguaje paulatino con el cual se comunican generaciones de estos tiempos. El video de la canci\u00f3n \u00abMueca\u00bb muy pronto estar\u00e1 disponible en YouTube y en todas las redes sociales, y plataformas digitales. Es importante destacar que en su actual producci\u00f3n que lleva por nombre \u00abMueca\u00bb, el artista se adentra en lo m\u00e1s&hellip;<\/p>\n","protected":false},"author":2,"featured_media":2150,"comment_status":"open","ping_status":"open","sticky":false,"template":"","format":"standard","meta":{"rop_custom_images_group":[],"rop_custom_messages_group":[],"rop_publish_now":"initial","rop_publish_now_accounts":[],"rop_publish_now_history":[],"rop_publish_now_status":"pending","footnotes":""},"categories":[3,25],"tags":[312,480,479,97,478],"class_list":["post-2149","post","type-post","status-publish","format-standard","has-post-thumbnail","hentry","category-artista","category-portada","tag-artista","tag-flow-celestial","tag-mueca","tag-musica","tag-urbanos"],"_links":{"self":[{"href":"https:\/\/larepublicanews.com.do\/live\/wp-json\/wp\/v2\/posts\/2149","targetHints":{"allow":["GET"]}}],"collection":[{"href":"https:\/\/larepublicanews.com.do\/live\/wp-json\/wp\/v2\/posts"}],"about":[{"href":"https:\/\/larepublicanews.com.do\/live\/wp-json\/wp\/v2\/types\/post"}],"author":[{"embeddable":true,"href":"https:\/\/larepublicanews.com.do\/live\/wp-json\/wp\/v2\/users\/2"}],"replies":[{"embeddable":true,"href":"https:\/\/larepublicanews.com.do\/live\/wp-json\/wp\/v2\/comments?post=2149"}],"version-history":[{"count":3,"href":"https:\/\/larepublicanews.com.do\/live\/wp-json\/wp\/v2\/posts\/2149\/revisions"}],"predecessor-version":[{"id":2153,"href":"https:\/\/larepublicanews.com.do\/live\/wp-json\/wp\/v2\/posts\/2149\/revisions\/2153"}],"wp:featuredmedia":[{"embeddable":true,"href":"https:\/\/larepublicanews.com.do\/live\/wp-json\/wp\/v2\/media\/2150"}],"wp:attachment":[{"href":"https:\/\/larepublicanews.com.do\/live\/wp-json\/wp\/v2\/media?parent=2149"}],"wp:term":[{"taxonomy":"category","embeddable":true,"href":"https:\/\/larepublicanews.com.do\/live\/wp-json\/wp\/v2\/categories?post=2149"},{"taxonomy":"post_tag","embeddable":true,"href":"https:\/\/larepublicanews.com.do\/live\/wp-json\/wp\/v2\/tags?post=2149"}],"curies":[{"name":"wp","href":"https:\/\/api.w.org\/{rel}","templated":true}]}}