{"id":2146,"date":"2023-02-02T21:31:10","date_gmt":"2023-02-02T21:31:10","guid":{"rendered":"https:\/\/larepublicanews.com.do\/live\/?p=2146"},"modified":"2023-02-02T21:31:10","modified_gmt":"2023-02-02T21:31:10","slug":"acroarte-convoca-asambleas-de-nominaciones-de-premios-soberano-2021","status":"publish","type":"post","link":"https:\/\/larepublicanews.com.do\/live\/acroarte-convoca-asambleas-de-nominaciones-de-premios-soberano-2021\/","title":{"rendered":"Acroarte convoca Asambleas de Nominaciones de  Premios Soberano 2021"},"content":{"rendered":"<p>El galard\u00f3n que organiza Acroarte y Cervecer\u00eda se llevar\u00e1 a cabo el 22 de marzo en el Teatro Nacional<\/p>\n<p>Santo Domingo, R.D.- La Asociaci\u00f3n de Cronistas de Arte (Acroarte) se prepara para llevar a cabo las Asambleas de Nominaciones correspondientes a la selecci\u00f3n de Premios Soberano 2021.<\/p>\n<p>Emelyn Baldera, presidente del gremio que organiza junto a Cervecer\u00eda Nacional la premiaci\u00f3n m\u00e1s importante del arte y la cultura de Rep\u00fablica Dominicana, inform\u00f3 hoy que el viernes 9 y s\u00e1bado 10 de febrero se escoger\u00e1n los nominados entre los artistas m\u00e1s destacados del 2021, que ser\u00e1n reconocidos en la edici\u00f3n n\u00famero 38 que vuelve a la sala Carlos Piantini del Teatro Nacional Eduardo Brito el pr\u00f3ximo 22 de marzo.<\/p>\n<p>\u00abEs importante subrayar que estaremos premiando los a\u00f1os 21 y 22 y en ese sentido estaremos dando a conocer los nominados del 2021 por separado, para evitar confusi\u00f3n tanto entre el p\u00fablico como entre la clase art\u00edstica. Acroarte est\u00e1 trabajando para cumplir con el rol de nominar y premiar y hacerlo con el compromiso que supone cada a\u00f1o\u00bb, sostuvo Baldera.<\/p>\n<p>Tambi\u00e9n es oportuno se\u00f1alar que los miembros de Acroarte participaron en las dos reuniones evaluativas de los renglones Cl\u00e1sico, Cine, Popular y Comunicaci\u00f3n en el 2021, seg\u00fan establecen los criterios y el reglamento de los galardones que por m\u00e1s de tres d\u00e9cadas ha apostado al talento dominicano, siendo la plataforma que los reconoce e impulsa gracias a Cervecer\u00eda Nacional.<\/p>\n<p>\u00abSin dudas que la temporada Soberano ya comenz\u00f3 y se siente, por lo que invito a todos los artistas a prepararse para juntos disfrutar de una noche especial el pr\u00f3ximo mi\u00e9rcoles 22 de marzo, cuando la plataforma m\u00e1s importante para el arte nacional, que es marca pa\u00eds llegue al Teatro Nacional\u00bb, sostuvo la presidenta del gremio.<\/p>\n<p>Las Asambleas de Nominaciones contar\u00e1n con la participaci\u00f3n de todos los jurados de las diferentes categor\u00edas que se premian. Recordar que Acroarte tambi\u00e9n inform\u00f3 la apertura del proceso para que los artistas sometan su trabajo para ser evaluados, los que se est\u00e1n recibiendo en las oficinas de Acroarte hasta el d\u00eda 7 de febrero de este a\u00f1o.<\/p>\n<p>Acroarte y el equipo de Cervecer\u00eda, que integran el comit\u00e9 gestor de la premiaci\u00f3n trabajan de la mano y a tiempo completo, para lograr lo mejor en t\u00e9rminos de nominaciones, premiaciones, musicales art\u00edsticos, escenograf\u00eda y artistas invitados bajo la producci\u00f3n de Alberto Zayas.<\/p>\n<p>Los premios Soberano, son organizados por Acroarte y Cervecer\u00eda Nacional Dominicana y se entregan desde 1985, convirti\u00e9ndose en la plataforma m\u00e1s importante que reconoce e impulsa el talento nacional.<\/p>\n<p>M\u00e1s informaci\u00f3n en www.acroarte.com.do, www.premiosoberano.com \u2013 Facebook; AcroarteRD &#8211; Twitter: AcroarteRD y SoberanoRD.<\/p>\n","protected":false},"excerpt":{"rendered":"<p>El galard\u00f3n que organiza Acroarte y Cervecer\u00eda se llevar\u00e1 a cabo el 22 de marzo en el Teatro Nacional Santo Domingo, R.D.- La Asociaci\u00f3n de Cronistas de Arte (Acroarte) se prepara para llevar a cabo las Asambleas de Nominaciones correspondientes a la selecci\u00f3n de Premios Soberano 2021. Emelyn Baldera, presidente del gremio que organiza junto a Cervecer\u00eda Nacional la premiaci\u00f3n m\u00e1s importante del arte y la cultura de Rep\u00fablica Dominicana, inform\u00f3 hoy que el viernes 9 y s\u00e1bado 10 de febrero se escoger\u00e1n los nominados entre los artistas m\u00e1s destacados&hellip;<\/p>\n","protected":false},"author":2,"featured_media":2147,"comment_status":"open","ping_status":"open","sticky":false,"template":"","format":"standard","meta":{"rop_custom_images_group":[],"rop_custom_messages_group":[],"rop_publish_now":"initial","rop_publish_now_accounts":[],"rop_publish_now_history":[],"rop_publish_now_status":"pending","footnotes":""},"categories":[3,14],"tags":[302,476,307,135,477,304],"class_list":["post-2146","post","type-post","status-publish","format-standard","has-post-thumbnail","hentry","category-artista","category-espectaculos","tag-acroarte","tag-emely-valdera","tag-espectaculo","tag-premios","tag-premios-soberanos","tag-soberano"],"_links":{"self":[{"href":"https:\/\/larepublicanews.com.do\/live\/wp-json\/wp\/v2\/posts\/2146","targetHints":{"allow":["GET"]}}],"collection":[{"href":"https:\/\/larepublicanews.com.do\/live\/wp-json\/wp\/v2\/posts"}],"about":[{"href":"https:\/\/larepublicanews.com.do\/live\/wp-json\/wp\/v2\/types\/post"}],"author":[{"embeddable":true,"href":"https:\/\/larepublicanews.com.do\/live\/wp-json\/wp\/v2\/users\/2"}],"replies":[{"embeddable":true,"href":"https:\/\/larepublicanews.com.do\/live\/wp-json\/wp\/v2\/comments?post=2146"}],"version-history":[{"count":1,"href":"https:\/\/larepublicanews.com.do\/live\/wp-json\/wp\/v2\/posts\/2146\/revisions"}],"predecessor-version":[{"id":2148,"href":"https:\/\/larepublicanews.com.do\/live\/wp-json\/wp\/v2\/posts\/2146\/revisions\/2148"}],"wp:featuredmedia":[{"embeddable":true,"href":"https:\/\/larepublicanews.com.do\/live\/wp-json\/wp\/v2\/media\/2147"}],"wp:attachment":[{"href":"https:\/\/larepublicanews.com.do\/live\/wp-json\/wp\/v2\/media?parent=2146"}],"wp:term":[{"taxonomy":"category","embeddable":true,"href":"https:\/\/larepublicanews.com.do\/live\/wp-json\/wp\/v2\/categories?post=2146"},{"taxonomy":"post_tag","embeddable":true,"href":"https:\/\/larepublicanews.com.do\/live\/wp-json\/wp\/v2\/tags?post=2146"}],"curies":[{"name":"wp","href":"https:\/\/api.w.org\/{rel}","templated":true}]}}