{"id":2129,"date":"2023-01-06T17:05:24","date_gmt":"2023-01-06T17:05:24","guid":{"rendered":"https:\/\/larepublicanews.com.do\/live\/?p=2129"},"modified":"2023-01-06T17:05:24","modified_gmt":"2023-01-06T17:05:24","slug":"en-la-vida-podemos-vivir-momentos-dificiles-y-gratificantes-pero-en-todo-debemos-tomar-un-minuto-de-reflexion","status":"publish","type":"post","link":"https:\/\/larepublicanews.com.do\/live\/en-la-vida-podemos-vivir-momentos-dificiles-y-gratificantes-pero-en-todo-debemos-tomar-un-minuto-de-reflexion\/","title":{"rendered":"En la vida podemos vivir momentos dif\u00edciles y gratificantes pero en todo debemos tomar un minuto de reflexi\u00f3n."},"content":{"rendered":"<div dir=\"auto\">Por Mario Antonio Lara Valdez<\/div>\n<div dir=\"auto\"><\/div>\n<div dir=\"auto\">Lograr aplausos es gratificante porque endulza nuestra vanidad que todos tenemos y cultivamos pero va dirigida cuando tenemos fracasos que debemos ,saber que es normal para crecer y reflexionar as\u00ed como seguir adelante.<\/div>\n<div dir=\"auto\"><\/div>\n<div dir=\"auto\">Debemos recordar que estamos de paso en la tierra por lo que se debe ser resiliente para enfretar con sabidur\u00eda cada tropiezo asi tambi\u00e9n para luego recordar y re\u00edrnos de nosotros mismos .<\/div>\n<div dir=\"auto\"><\/div>\n<div dir=\"auto\">En conversaci\u00f3n con una amiga llamada Claudia y observando la vida de tantas personas logr\u00f3 entender lo sublime que es cada minuto de la vida misma.<\/div>\n<div dir=\"auto\"><\/div>\n<div dir=\"auto\">Cada minuto cuenta y de manera responsable debemos disfrutar para luego tener pocos remordimientos ya que somos una obra de arte con imperfecciones que entre sonrisas , lagrimas y esperanzas vamos labrando nuestros presentes y as\u00ed como tambi\u00e9n nuestro futuro .<\/div>\n<div dir=\"auto\"><\/div>\n<div dir=\"auto\"><\/div>\n<div dir=\"auto\">Mario Antonio Lara Valdez . Ciudadano activista social y comunicador<\/div>\n","protected":false},"excerpt":{"rendered":"<p>Por Mario Antonio Lara Valdez Lograr aplausos es gratificante porque endulza nuestra vanidad que todos tenemos y cultivamos pero va dirigida cuando tenemos fracasos que debemos ,saber que es normal para crecer y reflexionar as\u00ed como seguir adelante. Debemos recordar que estamos de paso en la tierra por lo que se debe ser resiliente para enfretar con sabidur\u00eda cada tropiezo asi tambi\u00e9n para luego recordar y re\u00edrnos de nosotros mismos . En conversaci\u00f3n con una amiga llamada Claudia y observando la vida de tantas personas logr\u00f3 entender lo sublime que&hellip;<\/p>\n","protected":false},"author":2,"featured_media":2131,"comment_status":"open","ping_status":"open","sticky":false,"template":"","format":"standard","meta":{"rop_custom_images_group":[],"rop_custom_messages_group":[],"rop_publish_now":"initial","rop_publish_now_accounts":[],"rop_publish_now_history":[],"rop_publish_now_status":"pending","footnotes":""},"categories":[1],"tags":[84,459,461,457,460,462,463,456,455,458],"class_list":["post-2129","post","type-post","status-publish","format-standard","has-post-thumbnail","hentry","category-sin-categoria","tag-farandula","tag-activista-social","tag-aplauzos","tag-comunicador","tag-comunicadores","tag-dulzura","tag-famila","tag-la-vida-continua","tag-mario-lara-valdez","tag-sociales"],"_links":{"self":[{"href":"https:\/\/larepublicanews.com.do\/live\/wp-json\/wp\/v2\/posts\/2129","targetHints":{"allow":["GET"]}}],"collection":[{"href":"https:\/\/larepublicanews.com.do\/live\/wp-json\/wp\/v2\/posts"}],"about":[{"href":"https:\/\/larepublicanews.com.do\/live\/wp-json\/wp\/v2\/types\/post"}],"author":[{"embeddable":true,"href":"https:\/\/larepublicanews.com.do\/live\/wp-json\/wp\/v2\/users\/2"}],"replies":[{"embeddable":true,"href":"https:\/\/larepublicanews.com.do\/live\/wp-json\/wp\/v2\/comments?post=2129"}],"version-history":[{"count":1,"href":"https:\/\/larepublicanews.com.do\/live\/wp-json\/wp\/v2\/posts\/2129\/revisions"}],"predecessor-version":[{"id":2132,"href":"https:\/\/larepublicanews.com.do\/live\/wp-json\/wp\/v2\/posts\/2129\/revisions\/2132"}],"wp:featuredmedia":[{"embeddable":true,"href":"https:\/\/larepublicanews.com.do\/live\/wp-json\/wp\/v2\/media\/2131"}],"wp:attachment":[{"href":"https:\/\/larepublicanews.com.do\/live\/wp-json\/wp\/v2\/media?parent=2129"}],"wp:term":[{"taxonomy":"category","embeddable":true,"href":"https:\/\/larepublicanews.com.do\/live\/wp-json\/wp\/v2\/categories?post=2129"},{"taxonomy":"post_tag","embeddable":true,"href":"https:\/\/larepublicanews.com.do\/live\/wp-json\/wp\/v2\/tags?post=2129"}],"curies":[{"name":"wp","href":"https:\/\/api.w.org\/{rel}","templated":true}]}}