{"id":2119,"date":"2022-12-01T16:40:42","date_gmt":"2022-12-01T16:40:42","guid":{"rendered":"https:\/\/larepublicanews.com.do\/live\/?p=2119"},"modified":"2022-12-01T16:41:07","modified_gmt":"2022-12-01T16:41:07","slug":"galeria-bodden-inaugurara-exposicion-de-alvaro-gomez","status":"publish","type":"post","link":"https:\/\/larepublicanews.com.do\/live\/galeria-bodden-inaugurara-exposicion-de-alvaro-gomez\/","title":{"rendered":"Galer\u00eda Bodden inaugurar\u00e1 exposici\u00f3n de \u00c1lvaro G\u00f3mez"},"content":{"rendered":"<p style=\"text-align: left;\">El pr\u00f3ximo jueves 8 de diciembre, a las 7: 00 de la noche, la exposici\u00f3n individual \u201cHAY UN PA\u00cdS EN EL MUNDO\u201d, del artista \u00c1lvaro G\u00f3mez, abrir\u00e1 sus puertas en los salones de la Galer\u00eda Bodden, ubicada en la avenida Carlos P\u00e9rez Ricart 66, Arroyo Hondo II, Santo Domingo.<\/p>\n<p>La muestra estar\u00e1 integrada por m\u00e1s de veinticinco obras de diferentes formatos en t\u00e9cnica mixta sobre telas y dibujos sobre papel, que forman parte de su \u00faltima producci\u00f3n.<\/p>\n<p>\u00c1lvaro G\u00f3mez naci\u00f3 en el estado de Zulia, Venezuela (1951) y reside actualmente en Espa\u00f1a. Vivi\u00f3 algunos a\u00f1os en la ciudad de Santiago de los Caballeros en Rep\u00fablica Dominicana, donde qued\u00f3 prendado por la hospitalidad y acogida del pueblo dominicano.<\/p>\n<p>Sus obras han trascendido internacionalmente dada su frecuente presencia en importantes escenarios como salones, ferias, bienales, exposiciones colectivas e individuales en: Estados Unidos, Colombia, Puerto Rico, Turqu\u00eda, Italia, Rep\u00fablica Dominicana y Espa\u00f1a.<\/p>\n<p>Para Juan Julio Bodden y Tamara Hern\u00e1ndez, propietarios de Galer\u00eda Bodden es un honor y de gran satisfacci\u00f3n presentar una exposici\u00f3n con la calidad pict\u00f3rica del artista multidisciplinario \u00c1lvaro G\u00f3mez.<\/p>\n","protected":false},"excerpt":{"rendered":"<p>El pr\u00f3ximo jueves 8 de diciembre, a las 7: 00 de la noche, la exposici\u00f3n individual \u201cHAY UN PA\u00cdS EN EL MUNDO\u201d, del artista \u00c1lvaro G\u00f3mez, abrir\u00e1 sus puertas en los salones de la Galer\u00eda Bodden, ubicada en la avenida Carlos P\u00e9rez Ricart 66, Arroyo Hondo II, Santo Domingo. La muestra estar\u00e1 integrada por m\u00e1s de veinticinco obras de diferentes formatos en t\u00e9cnica mixta sobre telas y dibujos sobre papel, que forman parte de su \u00faltima producci\u00f3n. \u00c1lvaro G\u00f3mez naci\u00f3 en el estado de Zulia, Venezuela (1951) y reside actualmente&hellip;<\/p>\n","protected":false},"author":2,"featured_media":2121,"comment_status":"open","ping_status":"open","sticky":false,"template":"","format":"standard","meta":{"rop_custom_images_group":[],"rop_custom_messages_group":[],"rop_publish_now":"initial","rop_publish_now_accounts":[],"rop_publish_now_history":[],"rop_publish_now_status":"pending","footnotes":""},"categories":[2,3,5],"tags":[316,448,450,447,449,446,445],"class_list":["post-2119","post","type-post","status-publish","format-standard","has-post-thumbnail","hentry","category-actualidad","category-artista","category-cultura","tag-arte","tag-artistica","tag-bodden","tag-exposicion","tag-galeria","tag-muestra","tag-pintura"],"_links":{"self":[{"href":"https:\/\/larepublicanews.com.do\/live\/wp-json\/wp\/v2\/posts\/2119","targetHints":{"allow":["GET"]}}],"collection":[{"href":"https:\/\/larepublicanews.com.do\/live\/wp-json\/wp\/v2\/posts"}],"about":[{"href":"https:\/\/larepublicanews.com.do\/live\/wp-json\/wp\/v2\/types\/post"}],"author":[{"embeddable":true,"href":"https:\/\/larepublicanews.com.do\/live\/wp-json\/wp\/v2\/users\/2"}],"replies":[{"embeddable":true,"href":"https:\/\/larepublicanews.com.do\/live\/wp-json\/wp\/v2\/comments?post=2119"}],"version-history":[{"count":1,"href":"https:\/\/larepublicanews.com.do\/live\/wp-json\/wp\/v2\/posts\/2119\/revisions"}],"predecessor-version":[{"id":2122,"href":"https:\/\/larepublicanews.com.do\/live\/wp-json\/wp\/v2\/posts\/2119\/revisions\/2122"}],"wp:featuredmedia":[{"embeddable":true,"href":"https:\/\/larepublicanews.com.do\/live\/wp-json\/wp\/v2\/media\/2121"}],"wp:attachment":[{"href":"https:\/\/larepublicanews.com.do\/live\/wp-json\/wp\/v2\/media?parent=2119"}],"wp:term":[{"taxonomy":"category","embeddable":true,"href":"https:\/\/larepublicanews.com.do\/live\/wp-json\/wp\/v2\/categories?post=2119"},{"taxonomy":"post_tag","embeddable":true,"href":"https:\/\/larepublicanews.com.do\/live\/wp-json\/wp\/v2\/tags?post=2119"}],"curies":[{"name":"wp","href":"https:\/\/api.w.org\/{rel}","templated":true}]}}