{"id":2107,"date":"2022-11-03T14:41:53","date_gmt":"2022-11-03T14:41:53","guid":{"rendered":"https:\/\/larepublicanews.com.do\/live\/?p=2107"},"modified":"2022-11-03T14:41:53","modified_gmt":"2022-11-03T14:41:53","slug":"la-tribu-tipica-presenta-su-gran-debut","status":"publish","type":"post","link":"https:\/\/larepublicanews.com.do\/live\/la-tribu-tipica-presenta-su-gran-debut\/","title":{"rendered":"\u00ab*La Tribu T\u00edpica\u00bb presenta su gran debut*"},"content":{"rendered":"<p>_Pr\u00f3ximamente \u201cLa Tribu T\u00edpica\u201d estar\u00e1 presentando credenciales en Estados Unidos bajo el sello \u201cU-Productions, Corp. de Ulloa Productions, empresario l\u00edder de booking_.<\/p>\n<p>*Santiago de los Caballeros, Rep. Dom*. La agrupaci\u00f3n t\u00edpica \u00abLa Tribu\u00bb debut\u00f3 recientemente desde el gran escenario de Lovera VIP en la ciudad de Santiago, donde se dieron citas grandes personalidades, m\u00fasicos del g\u00e9nero t\u00edpico dominicano y un p\u00fablico amante del buen merengue t\u00edpico, quienes con algarab\u00eda abarrotaron el centro de diversi\u00f3n para disfrutar del gran debut de la novedosa agrupaci\u00f3n t\u00edpica.<\/p>\n<p>La novedosa banda musical \u201cLa Tribu T\u00edpica\u201d , que est\u00e1 comandada por mujeres talentosas Leydi Star, Denis Salcedo \u201cShantal\u201d, Yanet Jim\u00e9nez, el acorde\u00f3n en manos de Luchy Trejo, entregaron lo mejor de ellas en el escenario, al igual que todos los dem\u00e1s m\u00fasicos integrantes de la tribu cuentan con una amplia trayectoria musical; en las congas Mar\u00eda Meng\u00f3t (La Fiera), Jeniffer Vald\u00e9z en la g\u00fcira, Raffy Mart\u00ednez guitarra requinto, la tambora Jos\u00e9 Cabrera, en el piano Luis Enrique P\u00e9rez y el bajista Wilmer Joel P\u00e1ez.<\/p>\n<p>Ramoncito Conga, quien es un destacado percusionista e ide\u00f3logo musical asegur\u00f3 que se siente muy confiado en el proyecto y todos los que conforman \u201cLa Tribu T\u00edpica\u201d, que desde su creaci\u00f3n lo ha puesto en manos de Dios y de toda su vasta experiencia para conquistar el p\u00fablico.<\/p>\n<p>Entre sus grandes \u00e9xitos musicales t\u00edpicos, es importante mencionar algunos como, \u201cEl pariguayo\u201d, \u201cEl muerto\u201d, \u201cSi supieras\u201d, \u201cLa Boricua\u201d; \u201cLos limones\u201d, \u201cMis diez mujeres\u201d, merengues t\u00edpicos que tocan las principales orquestas del g\u00e9nero.<\/p>\n<p>A propositivo que ya se avecinan las fiestas navide\u00f1as, su creador garantiza que \u201cLa Tribu T\u00edpica\u201d est\u00e1 suficientemente preparada para entregarles buen merengue t\u00edpico, bachatas y baladas, que har\u00e1n bailar y cantar a buen ritmo.<\/p>\n<p>Pr\u00f3ximamente \u201cLa Tribu T\u00edpica\u201d estar\u00e1 presentando credenciales en Estados Unidos bajo el sello \u201cU-Productions, Corp. de Ulloa Productions, empresario l\u00edder de booking y que ha sido gran promotor del merengue t\u00edpico en suelo norteamericano durante d\u00e9cadas, quien con el soporte y la experiencia de S\u00faper Conga Productions, se encargar\u00e1 del manejo general de \u201cLa Tribu T\u00edpica\u201d.<\/p>\n<p>Para saber m\u00e1s de \u201cTribu T\u00edpica\u201d seguir en sus redes sociales oficiales Instagram \/Latribu_RD, YouTube \/La Tribu T\u00edpica, en las plataforma digitales Amazon Music, Apple Music, Spotify \/La Tribu.<\/p>\n","protected":false},"excerpt":{"rendered":"<p>_Pr\u00f3ximamente \u201cLa Tribu T\u00edpica\u201d estar\u00e1 presentando credenciales en Estados Unidos bajo el sello \u201cU-Productions, Corp. de Ulloa Productions, empresario l\u00edder de booking_. *Santiago de los Caballeros, Rep. Dom*. La agrupaci\u00f3n t\u00edpica \u00abLa Tribu\u00bb debut\u00f3 recientemente desde el gran escenario de Lovera VIP en la ciudad de Santiago, donde se dieron citas grandes personalidades, m\u00fasicos del g\u00e9nero t\u00edpico dominicano y un p\u00fablico amante del buen merengue t\u00edpico, quienes con algarab\u00eda abarrotaron el centro de diversi\u00f3n para disfrutar del gran debut de la novedosa agrupaci\u00f3n t\u00edpica. La novedosa banda musical \u201cLa Tribu&hellip;<\/p>\n","protected":false},"author":2,"featured_media":2108,"comment_status":"open","ping_status":"open","sticky":false,"template":"","format":"standard","meta":{"rop_custom_images_group":[],"rop_custom_messages_group":[],"rop_publish_now":"initial","rop_publish_now_accounts":[],"rop_publish_now_history":[],"rop_publish_now_status":"pending","footnotes":""},"categories":[2,3],"tags":[81,437,438,110,97,436],"class_list":["post-2107","post","type-post","status-publish","format-standard","has-post-thumbnail","hentry","category-actualidad","category-artista","tag-artistas","tag-chicas","tag-la-tribu-tipica","tag-merengue","tag-musica","tag-tipico"],"_links":{"self":[{"href":"https:\/\/larepublicanews.com.do\/live\/wp-json\/wp\/v2\/posts\/2107","targetHints":{"allow":["GET"]}}],"collection":[{"href":"https:\/\/larepublicanews.com.do\/live\/wp-json\/wp\/v2\/posts"}],"about":[{"href":"https:\/\/larepublicanews.com.do\/live\/wp-json\/wp\/v2\/types\/post"}],"author":[{"embeddable":true,"href":"https:\/\/larepublicanews.com.do\/live\/wp-json\/wp\/v2\/users\/2"}],"replies":[{"embeddable":true,"href":"https:\/\/larepublicanews.com.do\/live\/wp-json\/wp\/v2\/comments?post=2107"}],"version-history":[{"count":1,"href":"https:\/\/larepublicanews.com.do\/live\/wp-json\/wp\/v2\/posts\/2107\/revisions"}],"predecessor-version":[{"id":2109,"href":"https:\/\/larepublicanews.com.do\/live\/wp-json\/wp\/v2\/posts\/2107\/revisions\/2109"}],"wp:featuredmedia":[{"embeddable":true,"href":"https:\/\/larepublicanews.com.do\/live\/wp-json\/wp\/v2\/media\/2108"}],"wp:attachment":[{"href":"https:\/\/larepublicanews.com.do\/live\/wp-json\/wp\/v2\/media?parent=2107"}],"wp:term":[{"taxonomy":"category","embeddable":true,"href":"https:\/\/larepublicanews.com.do\/live\/wp-json\/wp\/v2\/categories?post=2107"},{"taxonomy":"post_tag","embeddable":true,"href":"https:\/\/larepublicanews.com.do\/live\/wp-json\/wp\/v2\/tags?post=2107"}],"curies":[{"name":"wp","href":"https:\/\/api.w.org\/{rel}","templated":true}]}}