{"id":2087,"date":"2022-10-17T23:58:33","date_gmt":"2022-10-17T23:58:33","guid":{"rendered":"https:\/\/larepublicanews.com.do\/live\/?p=2087"},"modified":"2022-10-17T23:59:28","modified_gmt":"2022-10-17T23:59:28","slug":"disenador-francisco-rodriguez-faraon-impacta-en-puerto-rico-con-su-coleccion-renacer-de-otono","status":"publish","type":"post","link":"https:\/\/larepublicanews.com.do\/live\/disenador-francisco-rodriguez-faraon-impacta-en-puerto-rico-con-su-coleccion-renacer-de-otono\/","title":{"rendered":"Dise\u00f1ador Francisco Rodr\u00edguez (Fara\u00f3n) impacta en Puerto Rico con su colecci\u00f3n \u201cRenacer de Oto\u00f1o\u201d"},"content":{"rendered":"<p style=\"text-align: center;\">Arecibo, Puerto Rico.- El destacado dise\u00f1ador dominicano Francisco Rodr\u00edguez, mejor conocido como Fara\u00f3n, impact\u00f3 en Puerto Rico con su m\u00e1s reciente colecci\u00f3n \u201cRenacer de Oto\u00f1o\u201d, una exquisita muestra de chacabanas presentadas en el North Fashion, actividad que tuvo lugar en el Lenel Royal Room, de Arecibo.<\/p>\n<p>\u201cEstoy muy agradecido, tanto de la invitaci\u00f3n recibida de la se\u00f1ora Nomarys Lugo, coordinadora del evento, as\u00ed como de la gran receptividad que tuvo mi propuesta\u201d, extern\u00f3 Fara\u00f3n.<\/p>\n<p>En dicho evento, en el cual Rodr\u00edguez estuvo como invitado internacional, acompa\u00f1ando a 10 dise\u00f1adores puertorrique\u00f1os, nuestro destacado artista present\u00f3 una colecci\u00f3n de chacabanas confeccionadas en telas de lujo, tales como Shattun y algodones de seda, as\u00ed como Podeswa.<\/p>\n<p>\u201cLa l\u00ednea est\u00e1 concebida para damas y caballeros. Hicimos una colecci\u00f3n de 25 piezas, destinadas a ser usadas en la noche y en discotecas, con la idea de recuperar el glamour y la elegancia, luego del hurac\u00e1n Fiona\u201d, detall\u00f3 el dise\u00f1ador.<\/p>\n<p>En ese mismo tenor, Fara\u00f3n explic\u00f3 que la colecci\u00f3n persigue \u201cresaltar la elegancia de una chabacana formal con combinaciones de colores y transposiciones para j\u00f3venes que est\u00e1n empezando a usar dicha prenda, para los cuales presentamos estampados florares en colores pasteles, propios de esta \u00e9poca del a\u00f1o\u201d.<\/p>\n<p>En su larga trayectoria profesional, Rodr\u00edguez ha ocupado importantes posiciones, como la de consultor de Dise\u00f1o de Modas, del Programa de las Naciones Unidas para el Desarrollo (PNUD) y presidente de la Asociaci\u00f3n de Artesanos de las Chacabanas de Rep\u00fablica Dominicana (ACHADOM).<\/p>\n<p>En la actualidad, se desempe\u00f1a como presidente de la Asociaci\u00f3n de Dise\u00f1adores Dominicanos (ADD) y de la empresa Laurenth Industrial, SRL, casa de modas con incidencia nacional e internacional en la alta costura masculina y femenina, as\u00ed como en el dise\u00f1o y confecci\u00f3n de uniformes empresariales.<\/p>\n<p>La creaci\u00f3n constante de nuevos y refinados dise\u00f1os, le ha llevado a vestir a distinguidas personalidades del empresariado dominicano, as\u00ed como a grandes figuras del medio art\u00edstico.<\/p>\n<p>Considerado como el precursor del nuevo concepto de la chacabana, Fara\u00f3n ha presentado sus colecciones en Estados Unidos (New York, Las Vegas, Miami), Canad\u00e1 (Toronto) y Barbados (Bridgetown). Asimismo, ha participado en los principales eventos de modas realizados en el pa\u00eds.<\/p>\n<p>Entre su colecciones m\u00e1s importantes se encuentran: Gala Tropical, Fashion Nigth on Brickell, Miami, Estados Unidos, febrero 2020, Fara\u00f3n para el Amazonas, Atelier Fashion Show, Nueva York, Estados Unidos, octubre 2019, Fara\u00f3n en verano, gala ben\u00e9fica Ciudad Coraz\u00f3n, Merengue &amp; Fashion Week, Santiago, Rep\u00fablica Dominicana, mayo 2019, Primavera &#8211; Verano, Winter Blossoms Fashion Show, Nueva York, Estados Unidos, marzo 2019.<\/p>\n<p>De igual manera, Dominican Culture, Business and Tourism Event, Toronto, Canada, julio 2018, Fara\u00f3n Tropical, CARIFESTA XIII Festival del Caribe, Bridgetown, Barbados, agosto 2017, Apparel Sourcing USA, New York, Estados Unidos, Julio 2017, Chabacanas para Novios, Dominican Bridal Week, Santo domingo, R.D, marzo 2017, Fara\u00f3n de Gala, Chacabana Forever, Santo Domingo, R.D, noviembre 2016 y Source at Magic, Las Vegas, Nevada, Estados Unidos, agosto 2016.<\/p>\n","protected":false},"excerpt":{"rendered":"<p>Arecibo, Puerto Rico.- El destacado dise\u00f1ador dominicano Francisco Rodr\u00edguez, mejor conocido como Fara\u00f3n, impact\u00f3 en Puerto Rico con su m\u00e1s reciente colecci\u00f3n \u201cRenacer de Oto\u00f1o\u201d, una exquisita muestra de chacabanas presentadas en el North Fashion, actividad que tuvo lugar en el Lenel Royal Room, de Arecibo. \u201cEstoy muy agradecido, tanto de la invitaci\u00f3n recibida de la se\u00f1ora Nomarys Lugo, coordinadora del evento, as\u00ed como de la gran receptividad que tuvo mi propuesta\u201d, extern\u00f3 Fara\u00f3n. En dicho evento, en el cual Rodr\u00edguez estuvo como invitado internacional, acompa\u00f1ando a 10 dise\u00f1adores puertorrique\u00f1os,&hellip;<\/p>\n","protected":false},"author":2,"featured_media":2088,"comment_status":"open","ping_status":"open","sticky":false,"template":"","format":"standard","meta":{"rop_custom_images_group":[],"rop_custom_messages_group":[],"rop_publish_now":"initial","rop_publish_now_accounts":[],"rop_publish_now_history":[],"rop_publish_now_status":"pending","footnotes":""},"categories":[5,13,14,18],"tags":[429,426,430,425,427,428],"class_list":["post-2087","post","type-post","status-publish","format-standard","has-post-thumbnail","hentry","category-cultura","category-entretenimiento","category-espectaculos","category-world","tag-chacavanas","tag-disenador","tag-estilo","tag-faraon-chacavanas","tag-moda","tag-ropa"],"_links":{"self":[{"href":"https:\/\/larepublicanews.com.do\/live\/wp-json\/wp\/v2\/posts\/2087","targetHints":{"allow":["GET"]}}],"collection":[{"href":"https:\/\/larepublicanews.com.do\/live\/wp-json\/wp\/v2\/posts"}],"about":[{"href":"https:\/\/larepublicanews.com.do\/live\/wp-json\/wp\/v2\/types\/post"}],"author":[{"embeddable":true,"href":"https:\/\/larepublicanews.com.do\/live\/wp-json\/wp\/v2\/users\/2"}],"replies":[{"embeddable":true,"href":"https:\/\/larepublicanews.com.do\/live\/wp-json\/wp\/v2\/comments?post=2087"}],"version-history":[{"count":2,"href":"https:\/\/larepublicanews.com.do\/live\/wp-json\/wp\/v2\/posts\/2087\/revisions"}],"predecessor-version":[{"id":2090,"href":"https:\/\/larepublicanews.com.do\/live\/wp-json\/wp\/v2\/posts\/2087\/revisions\/2090"}],"wp:featuredmedia":[{"embeddable":true,"href":"https:\/\/larepublicanews.com.do\/live\/wp-json\/wp\/v2\/media\/2088"}],"wp:attachment":[{"href":"https:\/\/larepublicanews.com.do\/live\/wp-json\/wp\/v2\/media?parent=2087"}],"wp:term":[{"taxonomy":"category","embeddable":true,"href":"https:\/\/larepublicanews.com.do\/live\/wp-json\/wp\/v2\/categories?post=2087"},{"taxonomy":"post_tag","embeddable":true,"href":"https:\/\/larepublicanews.com.do\/live\/wp-json\/wp\/v2\/tags?post=2087"}],"curies":[{"name":"wp","href":"https:\/\/api.w.org\/{rel}","templated":true}]}}