{"id":2079,"date":"2022-10-03T17:11:15","date_gmt":"2022-10-03T17:11:15","guid":{"rendered":"https:\/\/larepublicanews.com.do\/live\/?p=2079"},"modified":"2022-10-03T17:11:15","modified_gmt":"2022-10-03T17:11:15","slug":"infotep-y-cncs-pondran-en-ejecucion-programa-de-capacitacion-orientado-al-buen-uso-de-las-tecnologias","status":"publish","type":"post","link":"https:\/\/larepublicanews.com.do\/live\/infotep-y-cncs-pondran-en-ejecucion-programa-de-capacitacion-orientado-al-buen-uso-de-las-tecnologias\/","title":{"rendered":"*INFOTEP y CNCS pondr\u00e1n en ejecuci\u00f3n programa de capacitaci\u00f3n orientado al buen uso de las tecnolog\u00edas*"},"content":{"rendered":"<p>El Instituto Nacional de Formaci\u00f3n T\u00e9cnico Profesional (INFOTEP) y el Centro Nacional de Ciberseguridad (CNCS), del Ministerio de la Presidencia, firmaron un acuerdo con el objetivo de impulsar una cultura nacional de ciberseguridad.<br \/>\nMediante el convenio, firmado por Rafael Santos Bad\u00eda, director general del INFOTEP, y Juan Gabriel Gautreaux, director ejecutivo del CNCS, las entidades se comprometieron a la creaci\u00f3n de entornos tecnol\u00f3gicos seguros, confiables y resilientes que, a su vez, promuevan una sociedad digital dentro de un esquema de inclusi\u00f3n y de respeto a los derechos fundamentales.<br \/>\nEl director general del INFOTEP, Rafael Santos Bad\u00eda explic\u00f3 que el acuerdo se inscribe en la modernidad, como resultado de los avances de la ciencia y la tecnolog\u00eda, que han tra\u00eddo provechosos beneficios a la humanidad.<br \/>\nAdem\u00e1s, contempla un plan de capacitaci\u00f3n, informaci\u00f3n e intercambio de experiencias para la implementaci\u00f3n de proyectos de ciberseguridad, tanto a nivel estrat\u00e9gico como a nivel operativo o t\u00e9cnico, as\u00ed como la gesti\u00f3n de pasant\u00edas.<br \/>\n\u201cEsta alianza nos permite trabajar en el dise\u00f1o y actualizaci\u00f3n de programas de formaci\u00f3n t\u00e9cnico profesional, orientados especialmente, en la prevenci\u00f3n de incidentes cibern\u00e9ticos y el buen uso de las tecnolog\u00edas de la informaci\u00f3n, y comunicaci\u00f3n\u201d, dijo Santos Bad\u00eda.<br \/>\nDe su lado, Juan Gabriel Gautreaux, director ejecutivo del CNCS resalt\u00f3 que el acuerdo impactar\u00e1, en temas de ciberseguridad, a sectores productivos gubernamentales, acad\u00e9micos y a la sociedad en su conjunto.<br \/>\n\u201cDesde el Centro Nacional de Ciberseguridad estamos conscientes de la necesidad de proteger nuestros ciberespacios y el fortalecimiento del Marco Nacional de Ciberseguridad\u201d, manifest\u00f3.<\/p>\n<p>&nbsp;<\/p>\n<p>&nbsp;<\/p>\n<p>Del mismo modo, el director ejecutivo del CNCS dio declaraciones sobre la *Agenda Digital 2030*, la cual se trata de una carta de ruta que permitir\u00e1 mejorar la calidad de vida de la gente y acelerar la reactivaci\u00f3n econ\u00f3mica y social de las entidades, tanto p\u00fablicas como privadas en materia de adopci\u00f3n tecnol\u00f3gica.<br \/>\nLuego de culminado el acto de la firma de acuerdo entre el INFOTEP y el CNCS, Rafael Santos Bad\u00eda fue declarado por el director ejecutivo de esa entidad, como miembro honor\u00edfico de la misma.<br \/>\n_*Sobre el convenio*_<br \/>\nComo parte de las acciones que se llevar\u00e1n a cabo en el marco del convenio, que tienen una vigencia de tres a\u00f1os, se destaca la ejecuci\u00f3n de proyectos de cooperaci\u00f3n, contemplando una posible integraci\u00f3n de otras entidades de los sectores p\u00fablico, privado y de la sociedad civil.<br \/>\nAdem\u00e1s, el INFOTEP capacitar\u00e1 a los colaboradores y personal docente de la CNCS, mientras que el CNCS, intercambiar\u00e1, con los docentes del INFOTEP, experiencias y nuevas tendencias en materia de ciberseguridad.<br \/>\n_*Programas disponibles en INFOTEP enfocados en ciberseguridad*_<br \/>\nEl INFOTEP, actualmente dispone de una importante oferta curricular que contempla: Ciberseguridad, Diplomado en ciberseguridad y auditor\u00eda inform\u00e1tica, Manejo de inform\u00e1tica forense, Analista de riesgos de ciberseguridad y Pen tester (prueba de penetraci\u00f3n).<br \/>\nTambi\u00e9n tiene disponible un Diplomado en Ciberseguridad Corporativa para afianzar los conocimientos de cara a la nueva realidad que afrontan las empresas y negocios para la protecci\u00f3n de su data y ataques inform\u00e1ticos.<br \/>\nEl programa contempla: marco legal, leyes y acuerdos nacionales e internacionales relacionados a empresas y ciberseguridad, an\u00e1lisis de riesgos y vulnerabilidades, toma de decisiones relacionados a ciberseguridad, trabajo remoto y equipos inform\u00e1ticos, manejo de crisis de ciberseguridad, entre otros.<\/p>\n","protected":false},"excerpt":{"rendered":"<p>El Instituto Nacional de Formaci\u00f3n T\u00e9cnico Profesional (INFOTEP) y el Centro Nacional de Ciberseguridad (CNCS), del Ministerio de la Presidencia, firmaron un acuerdo con el objetivo de impulsar una cultura nacional de ciberseguridad. Mediante el convenio, firmado por Rafael Santos Bad\u00eda, director general del INFOTEP, y Juan Gabriel Gautreaux, director ejecutivo del CNCS, las entidades se comprometieron a la creaci\u00f3n de entornos tecnol\u00f3gicos seguros, confiables y resilientes que, a su vez, promuevan una sociedad digital dentro de un esquema de inclusi\u00f3n y de respeto a los derechos fundamentales. El director&hellip;<\/p>\n","protected":false},"author":2,"featured_media":2081,"comment_status":"open","ping_status":"open","sticky":false,"template":"","format":"standard","meta":{"rop_custom_images_group":[],"rop_custom_messages_group":[],"rop_publish_now":"initial","rop_publish_now_accounts":[],"rop_publish_now_history":[],"rop_publish_now_status":"pending","footnotes":""},"categories":[2,56],"tags":[420,381,145,279,419],"class_list":["post-2079","post","type-post","status-publish","format-standard","has-post-thumbnail","hentry","category-actualidad","category-educacion","tag-cncs","tag-cursos","tag-educacion","tag-infotep","tag-rafael-santos"],"_links":{"self":[{"href":"https:\/\/larepublicanews.com.do\/live\/wp-json\/wp\/v2\/posts\/2079","targetHints":{"allow":["GET"]}}],"collection":[{"href":"https:\/\/larepublicanews.com.do\/live\/wp-json\/wp\/v2\/posts"}],"about":[{"href":"https:\/\/larepublicanews.com.do\/live\/wp-json\/wp\/v2\/types\/post"}],"author":[{"embeddable":true,"href":"https:\/\/larepublicanews.com.do\/live\/wp-json\/wp\/v2\/users\/2"}],"replies":[{"embeddable":true,"href":"https:\/\/larepublicanews.com.do\/live\/wp-json\/wp\/v2\/comments?post=2079"}],"version-history":[{"count":1,"href":"https:\/\/larepublicanews.com.do\/live\/wp-json\/wp\/v2\/posts\/2079\/revisions"}],"predecessor-version":[{"id":2082,"href":"https:\/\/larepublicanews.com.do\/live\/wp-json\/wp\/v2\/posts\/2079\/revisions\/2082"}],"wp:featuredmedia":[{"embeddable":true,"href":"https:\/\/larepublicanews.com.do\/live\/wp-json\/wp\/v2\/media\/2081"}],"wp:attachment":[{"href":"https:\/\/larepublicanews.com.do\/live\/wp-json\/wp\/v2\/media?parent=2079"}],"wp:term":[{"taxonomy":"category","embeddable":true,"href":"https:\/\/larepublicanews.com.do\/live\/wp-json\/wp\/v2\/categories?post=2079"},{"taxonomy":"post_tag","embeddable":true,"href":"https:\/\/larepublicanews.com.do\/live\/wp-json\/wp\/v2\/tags?post=2079"}],"curies":[{"name":"wp","href":"https:\/\/api.w.org\/{rel}","templated":true}]}}