{"id":2073,"date":"2022-10-03T16:48:39","date_gmt":"2022-10-03T16:48:39","guid":{"rendered":"https:\/\/larepublicanews.com.do\/live\/?p=2073"},"modified":"2022-10-03T16:48:39","modified_gmt":"2022-10-03T16:48:39","slug":"la-presidenta-de-la-asociacion-de-dominicanos","status":"publish","type":"post","link":"https:\/\/larepublicanews.com.do\/live\/la-presidenta-de-la-asociacion-de-dominicanos\/","title":{"rendered":"La presidenta de la Asociaci\u00f3n de Dominicanos"},"content":{"rendered":"<p>Progresistas en Espa\u00f1a, Lic. Alba Fern\u00e1ndez hizo un llamado a l\u00edderes pol\u00edticos y activistas dominicanos en Europa para unirse a los fines de enviar ayuda a los dignificados del hurac\u00e1n Fiona en la Rep\u00fablica Dominicana.<\/p>\n<p>La activista social envi\u00f3 este mensaje al entregar una donaci\u00f3n de cien galones de agua para ayudar a los afectados por el hurac\u00e1n Fiona en la provincia de Saman\u00e1 a trav\u00e9s del equipo de Bol\u00edvar Valera y El Ma\u00f1anero.<br \/>\nFern\u00e1ndez acompa\u00f1ada del comunicador Din\u00e1mico Santo de Gente RD Espa\u00f1a dijo que al ver el gesto El Ma\u00f1anero de ayudar a los m\u00e1s afectados decidieron unirse como forma de llamar la atenci\u00f3n de la clase pol\u00edtica dominicana en Europa que se ha mostrado muy t\u00edmida ante esta situaci\u00f3n que afecta a sus compatriotas.<br \/>\nAprovecharon la ocasi\u00f3n para enviar un mensaje de aliento a las familias afectadas en la regi\u00f3n Este de Rep\u00fablica Dominicana para que apuesten a la recuperaci\u00f3n y seguir felices como es costumbre del dominicano.<\/p>\n","protected":false},"excerpt":{"rendered":"<p>Progresistas en Espa\u00f1a, Lic. Alba Fern\u00e1ndez hizo un llamado a l\u00edderes pol\u00edticos y activistas dominicanos en Europa para unirse a los fines de enviar ayuda a los dignificados del hurac\u00e1n Fiona en la Rep\u00fablica Dominicana. La activista social envi\u00f3 este mensaje al entregar una donaci\u00f3n de cien galones de agua para ayudar a los afectados por el hurac\u00e1n Fiona en la provincia de Saman\u00e1 a trav\u00e9s del equipo de Bol\u00edvar Valera y El Ma\u00f1anero. Fern\u00e1ndez acompa\u00f1ada del comunicador Din\u00e1mico Santo de Gente RD Espa\u00f1a dijo que al ver el gesto&hellip;<\/p>\n","protected":false},"author":2,"featured_media":2074,"comment_status":"open","ping_status":"open","sticky":false,"template":"","format":"standard","meta":{"rop_custom_images_group":[],"rop_custom_messages_group":[],"rop_publish_now":"initial","rop_publish_now_accounts":[],"rop_publish_now_history":[],"rop_publish_now_status":"pending","footnotes":""},"categories":[2,18],"tags":[414,112,413,415,183],"class_list":["post-2073","post","type-post","status-publish","format-standard","has-post-thumbnail","hentry","category-actualidad","category-world","tag-alba-fernandez","tag-dominicanos","tag-espana","tag-fiona","tag-huracan"],"_links":{"self":[{"href":"https:\/\/larepublicanews.com.do\/live\/wp-json\/wp\/v2\/posts\/2073","targetHints":{"allow":["GET"]}}],"collection":[{"href":"https:\/\/larepublicanews.com.do\/live\/wp-json\/wp\/v2\/posts"}],"about":[{"href":"https:\/\/larepublicanews.com.do\/live\/wp-json\/wp\/v2\/types\/post"}],"author":[{"embeddable":true,"href":"https:\/\/larepublicanews.com.do\/live\/wp-json\/wp\/v2\/users\/2"}],"replies":[{"embeddable":true,"href":"https:\/\/larepublicanews.com.do\/live\/wp-json\/wp\/v2\/comments?post=2073"}],"version-history":[{"count":1,"href":"https:\/\/larepublicanews.com.do\/live\/wp-json\/wp\/v2\/posts\/2073\/revisions"}],"predecessor-version":[{"id":2075,"href":"https:\/\/larepublicanews.com.do\/live\/wp-json\/wp\/v2\/posts\/2073\/revisions\/2075"}],"wp:featuredmedia":[{"embeddable":true,"href":"https:\/\/larepublicanews.com.do\/live\/wp-json\/wp\/v2\/media\/2074"}],"wp:attachment":[{"href":"https:\/\/larepublicanews.com.do\/live\/wp-json\/wp\/v2\/media?parent=2073"}],"wp:term":[{"taxonomy":"category","embeddable":true,"href":"https:\/\/larepublicanews.com.do\/live\/wp-json\/wp\/v2\/categories?post=2073"},{"taxonomy":"post_tag","embeddable":true,"href":"https:\/\/larepublicanews.com.do\/live\/wp-json\/wp\/v2\/tags?post=2073"}],"curies":[{"name":"wp","href":"https:\/\/api.w.org\/{rel}","templated":true}]}}